{"id":18587,"date":"2017-05-15T18:51:25","date_gmt":"2017-05-15T21:51:25","guid":{"rendered":"https:\/\/eldiariodesanpedro.com.ar\/sitio\/?p=18587"},"modified":"2017-05-15T18:51:25","modified_gmt":"2017-05-15T21:51:25","slug":"asaltan-otra-estacion-de-servicio-esta-vez-sobre-ruta-6","status":"publish","type":"post","link":"https:\/\/eldiariodesanpedro.com.ar\/sitio\/asaltan-otra-estacion-de-servicio-esta-vez-sobre-ruta-6\/","title":{"rendered":"Asaltan otra estaci\u00f3n de servicio, esta vez sobre Ruta 6"},"content":{"rendered":"<p><!-- VideographyWP Plugin Message: Automatic video embedding prevented by plugin options. --><br \/>\n  Delincuentes armados asaltaron la estaci\u00f3n de servicio de Ruta 6 y calle Buenos Aires. Es el segundo hecho sufrido por el establecimiento en menos de una semana. Los malhechores ser\u00edan los mismos que asaltaron la Shell del km.92 de Panamericana el viernes pasado y habr\u00edan cometido otros hechos similares en la regi\u00f3n.<\/p>\n<p>  De acuerdo a los testimonios, dos sujetos bajaron de un Gol Trend negro y a punta de pistola se llevaron la recaudaci\u00f3n, realizando disparos intimidatorios para cubrir su huida hacia Ruta 9. El establecimiento sufri\u00f3 su segundo robo en una semana.<\/p>\n<p>  Seg\u00fan fuentes consultadas, los malvivientes ser\u00edan los mismos que asaltaron la Shell del km.92 de Panamericana, el viernes a la noche, y una YPF en Z\u00e1rate.<\/p>\n<p>  Personal del Comando de Patrulla de Campana se hizo presente en el lugar junto con Polic\u00eda Cient\u00edfica. (http:\/\/www.enlacecritico.com\/)<\/p>\n","protected":false},"excerpt":{"rendered":"<p>Delincuentes armados asaltaron la estaci\u00f3n de servicio de Ruta 6 y calle Buenos Aires. Es el segundo hecho sufrido por el establecimiento en menos de una semana. Los malhechores ser\u00edan los mismos que asaltaron la Shell del km.92 de Panamericana el viernes pasado y habr\u00edan cometido otros hechos similares en la regi\u00f3n. De acuerdo a [&hellip;]<\/p>\n","protected":false},"author":4,"featured_media":18588,"comment_status":"open","ping_status":"closed","sticky":false,"template":"","format":"standard","meta":{"om_disable_all_campaigns":false,"_jetpack_memberships_contains_paid_content":false,"footnotes":""},"categories":[621],"tags":[],"class_list":["post-18587","post","type-post","status-publish","format-standard","has-post-thumbnail","hentry","category-regionales"],"aioseo_notices":[],"gutentor_comment":0,"jetpack_featured_media_url":"https:\/\/eldiariodesanpedro.com.ar\/sitio\/wp-content\/uploads\/2017\/05\/esso.jpg","jetpack_shortlink":"https:\/\/wp.me\/p6RhLt-4PN","jetpack_sharing_enabled":true,"_links":{"self":[{"href":"https:\/\/eldiariodesanpedro.com.ar\/sitio\/wp-json\/wp\/v2\/posts\/18587","targetHints":{"allow":["GET"]}}],"collection":[{"href":"https:\/\/eldiariodesanpedro.com.ar\/sitio\/wp-json\/wp\/v2\/posts"}],"about":[{"href":"https:\/\/eldiariodesanpedro.com.ar\/sitio\/wp-json\/wp\/v2\/types\/post"}],"author":[{"embeddable":true,"href":"https:\/\/eldiariodesanpedro.com.ar\/sitio\/wp-json\/wp\/v2\/users\/4"}],"replies":[{"embeddable":true,"href":"https:\/\/eldiariodesanpedro.com.ar\/sitio\/wp-json\/wp\/v2\/comments?post=18587"}],"version-history":[{"count":1,"href":"https:\/\/eldiariodesanpedro.com.ar\/sitio\/wp-json\/wp\/v2\/posts\/18587\/revisions"}],"predecessor-version":[{"id":18589,"href":"https:\/\/eldiariodesanpedro.com.ar\/sitio\/wp-json\/wp\/v2\/posts\/18587\/revisions\/18589"}],"wp:featuredmedia":[{"embeddable":true,"href":"https:\/\/eldiariodesanpedro.com.ar\/sitio\/wp-json\/wp\/v2\/media\/18588"}],"wp:attachment":[{"href":"https:\/\/eldiariodesanpedro.com.ar\/sitio\/wp-json\/wp\/v2\/media?parent=18587"}],"wp:term":[{"taxonomy":"category","embeddable":true,"href":"https:\/\/eldiariodesanpedro.com.ar\/sitio\/wp-json\/wp\/v2\/categories?post=18587"},{"taxonomy":"post_tag","embeddable":true,"href":"https:\/\/eldiariodesanpedro.com.ar\/sitio\/wp-json\/wp\/v2\/tags?post=18587"}],"curies":[{"name":"wp","href":"https:\/\/api.w.org\/{rel}","templated":true}]}}