{"id":18584,"date":"2017-05-15T18:47:49","date_gmt":"2017-05-15T21:47:49","guid":{"rendered":"https:\/\/eldiariodesanpedro.com.ar\/sitio\/?p=18584"},"modified":"2017-05-15T18:47:49","modified_gmt":"2017-05-15T21:47:49","slug":"marcos-arana-difundio-el-video-del-robo-de-una-bicicleta-en-su-propiedad","status":"publish","type":"post","link":"https:\/\/eldiariodesanpedro.com.ar\/sitio\/marcos-arana-difundio-el-video-del-robo-de-una-bicicleta-en-su-propiedad\/","title":{"rendered":"Marcos Arana difundi\u00f3 el video del robo de una bicicleta en su propiedad"},"content":{"rendered":"<p><!-- VideographyWP Plugin Message: Automatic video embedding prevented by plugin options. --><br \/>\n  A trav\u00e9s del Facebook, el m\u00e9dico difundi\u00f3 las im\u00e1genes de las c\u00e1maras de seguridad de su domicilio, que tomaron cuando un delincuente ingresa al mismo y roba la bicicleta de su hijo.<\/p>\n<p>  All\u00ed se puede ver claramente al malviviente que cruza las rejas que separan la v\u00eda p\u00fablica del frente de la vivienda y se lleva, con la ayuda de otro sujeto, el rodado.<\/p>\n<p>  \u201cEste se\u00f1or ayer, (por el domingo) 14.30 hs. entr\u00f3 en casa y se llev\u00f3 la bicicleta de Sim\u00f3n, lo estaba esperando otro se\u00f1or. Si alguien los conoce por favor avisar, muchas gracias\u201d, manifest\u00f3 Arana a trav\u00e9s de la red social.<\/p>\n","protected":false},"excerpt":{"rendered":"<p>A trav\u00e9s del Facebook, el m\u00e9dico difundi\u00f3 las im\u00e1genes de las c\u00e1maras de seguridad de su domicilio, que tomaron cuando un delincuente ingresa al mismo y roba la bicicleta de su hijo. All\u00ed se puede ver claramente al malviviente que cruza las rejas que separan la v\u00eda p\u00fablica del frente de la vivienda y se [&hellip;]<\/p>\n","protected":false},"author":4,"featured_media":18585,"comment_status":"open","ping_status":"closed","sticky":false,"template":"","format":"standard","meta":{"om_disable_all_campaigns":false,"_jetpack_memberships_contains_paid_content":false,"footnotes":""},"categories":[2,103],"tags":[],"class_list":["post-18584","post","type-post","status-publish","format-standard","has-post-thumbnail","hentry","category-locales","category-policiales-locales"],"aioseo_notices":[],"gutentor_comment":0,"jetpack_featured_media_url":"https:\/\/eldiariodesanpedro.com.ar\/sitio\/wp-content\/uploads\/2017\/05\/El-ladr\u00f3n-mientras-se-llevaba-la-bicicleta.jpg","jetpack_shortlink":"https:\/\/wp.me\/p6RhLt-4PK","jetpack_sharing_enabled":true,"_links":{"self":[{"href":"https:\/\/eldiariodesanpedro.com.ar\/sitio\/wp-json\/wp\/v2\/posts\/18584","targetHints":{"allow":["GET"]}}],"collection":[{"href":"https:\/\/eldiariodesanpedro.com.ar\/sitio\/wp-json\/wp\/v2\/posts"}],"about":[{"href":"https:\/\/eldiariodesanpedro.com.ar\/sitio\/wp-json\/wp\/v2\/types\/post"}],"author":[{"embeddable":true,"href":"https:\/\/eldiariodesanpedro.com.ar\/sitio\/wp-json\/wp\/v2\/users\/4"}],"replies":[{"embeddable":true,"href":"https:\/\/eldiariodesanpedro.com.ar\/sitio\/wp-json\/wp\/v2\/comments?post=18584"}],"version-history":[{"count":1,"href":"https:\/\/eldiariodesanpedro.com.ar\/sitio\/wp-json\/wp\/v2\/posts\/18584\/revisions"}],"predecessor-version":[{"id":18586,"href":"https:\/\/eldiariodesanpedro.com.ar\/sitio\/wp-json\/wp\/v2\/posts\/18584\/revisions\/18586"}],"wp:featuredmedia":[{"embeddable":true,"href":"https:\/\/eldiariodesanpedro.com.ar\/sitio\/wp-json\/wp\/v2\/media\/18585"}],"wp:attachment":[{"href":"https:\/\/eldiariodesanpedro.com.ar\/sitio\/wp-json\/wp\/v2\/media?parent=18584"}],"wp:term":[{"taxonomy":"category","embeddable":true,"href":"https:\/\/eldiariodesanpedro.com.ar\/sitio\/wp-json\/wp\/v2\/categories?post=18584"},{"taxonomy":"post_tag","embeddable":true,"href":"https:\/\/eldiariodesanpedro.com.ar\/sitio\/wp-json\/wp\/v2\/tags?post=18584"}],"curies":[{"name":"wp","href":"https:\/\/api.w.org\/{rel}","templated":true}]}}