{"id":18581,"date":"2017-05-15T18:41:47","date_gmt":"2017-05-15T21:41:47","guid":{"rendered":"https:\/\/eldiariodesanpedro.com.ar\/sitio\/?p=18581"},"modified":"2017-05-15T18:41:47","modified_gmt":"2017-05-15T21:41:47","slug":"tras-la-recuperacion-del-predio-realizaron-un-relevamiento-en-el-predio-del-tiro-federal","status":"publish","type":"post","link":"https:\/\/eldiariodesanpedro.com.ar\/sitio\/tras-la-recuperacion-del-predio-realizaron-un-relevamiento-en-el-predio-del-tiro-federal\/","title":{"rendered":"Tras la recuperaci\u00f3n del predio, realizaron un relevamiento en el predio del Tiro Federal"},"content":{"rendered":"<p><!-- VideographyWP Plugin Message: Automatic video embedding prevented by plugin options. --><br \/>\nEn la ma\u00f1ana de este lunes el Secretario de Coordinaci\u00f3n Ram\u00f3n Salazar, el de Gobierno, Silvio Corti junto con el de Infraestructura y Planeamiento, Alfredo Camilletti, recorrieron el predio del Tiro Federal que la semana pasada fue devuelto al Municipio por quien ten\u00eda la concesi\u00f3n del lugar.<\/p>\n<p>  Como ha ocurrido en los \u00faltimos a\u00f1os en la zona ribere\u00f1a, el objetivo es continuar con la recuperaci\u00f3n de diferentes espacios p\u00fablicos que hab\u00edan sido concesionados.<\/p>\n<p>  Por el momento se estudian varias opciones para desarrollar en el lugar, una de ellas es que sea definitivamente p\u00fablico.<\/p>\n<p>  En ese sentido Camilletti, explic\u00f3: \u201cVinimos a ver c\u00f3mo estaban las instalaciones y vemos que es un lugar que nos da varias oportunidades\u201d. \u201cLo primero que vamos a hacer es un diagn\u00f3stico de, un relevamiento, un inventario para ver c\u00f3mo est\u00e1 cada cosa\u201d.<\/p>\n<p>  En tanto agreg\u00f3: \u201cHay inversiones diferentes, hay que evaluarlas una por una, desde bungalows, la pileta, otras instalaciones\u201d. \u201cEst\u00e1n medianamente en condiciones, pero lleva inversi\u00f3n y todos sabemos c\u00f3mo est\u00e1 el Municipio como para hacerse cargo de las inversiones\u201d.<\/p>\n<p>  \u201cLlevaremos algunas alternativas al Intendente y al equipo de gobierno para ver las distintas posibilidades que encontramos\u201d, sostuvo el funcionario.<\/p>\n<p>  Por \u00faltimo, manifest\u00f3: \u201cLa aspiraci\u00f3n es hacerlo p\u00fablico, recuperarlo para que todos los sampedrinos lo puedan disfrutar, esa es la primera visi\u00f3n que ha planteado el Intendente\u201d.<\/p>\n","protected":false},"excerpt":{"rendered":"<p>En la ma\u00f1ana de este lunes el Secretario de Coordinaci\u00f3n Ram\u00f3n Salazar, el de Gobierno, Silvio Corti junto con el de Infraestructura y Planeamiento, Alfredo Camilletti, recorrieron el predio del Tiro Federal que la semana pasada fue devuelto al Municipio por quien ten\u00eda la concesi\u00f3n del lugar. Como ha ocurrido en los \u00faltimos a\u00f1os en [&hellip;]<\/p>\n","protected":false},"author":4,"featured_media":18582,"comment_status":"open","ping_status":"closed","sticky":false,"template":"","format":"standard","meta":{"om_disable_all_campaigns":false,"_jetpack_memberships_contains_paid_content":false,"footnotes":""},"categories":[101,2],"tags":[],"class_list":["post-18581","post","type-post","status-publish","format-standard","has-post-thumbnail","hentry","category-interes-general-locales","category-locales"],"aioseo_notices":[],"gutentor_comment":0,"jetpack_featured_media_url":"https:\/\/eldiariodesanpedro.com.ar\/sitio\/wp-content\/uploads\/2017\/05\/tiro-federal-san-pedro.jpg","jetpack_shortlink":"https:\/\/wp.me\/p6RhLt-4PH","jetpack_sharing_enabled":true,"_links":{"self":[{"href":"https:\/\/eldiariodesanpedro.com.ar\/sitio\/wp-json\/wp\/v2\/posts\/18581","targetHints":{"allow":["GET"]}}],"collection":[{"href":"https:\/\/eldiariodesanpedro.com.ar\/sitio\/wp-json\/wp\/v2\/posts"}],"about":[{"href":"https:\/\/eldiariodesanpedro.com.ar\/sitio\/wp-json\/wp\/v2\/types\/post"}],"author":[{"embeddable":true,"href":"https:\/\/eldiariodesanpedro.com.ar\/sitio\/wp-json\/wp\/v2\/users\/4"}],"replies":[{"embeddable":true,"href":"https:\/\/eldiariodesanpedro.com.ar\/sitio\/wp-json\/wp\/v2\/comments?post=18581"}],"version-history":[{"count":1,"href":"https:\/\/eldiariodesanpedro.com.ar\/sitio\/wp-json\/wp\/v2\/posts\/18581\/revisions"}],"predecessor-version":[{"id":18583,"href":"https:\/\/eldiariodesanpedro.com.ar\/sitio\/wp-json\/wp\/v2\/posts\/18581\/revisions\/18583"}],"wp:featuredmedia":[{"embeddable":true,"href":"https:\/\/eldiariodesanpedro.com.ar\/sitio\/wp-json\/wp\/v2\/media\/18582"}],"wp:attachment":[{"href":"https:\/\/eldiariodesanpedro.com.ar\/sitio\/wp-json\/wp\/v2\/media?parent=18581"}],"wp:term":[{"taxonomy":"category","embeddable":true,"href":"https:\/\/eldiariodesanpedro.com.ar\/sitio\/wp-json\/wp\/v2\/categories?post=18581"},{"taxonomy":"post_tag","embeddable":true,"href":"https:\/\/eldiariodesanpedro.com.ar\/sitio\/wp-json\/wp\/v2\/tags?post=18581"}],"curies":[{"name":"wp","href":"https:\/\/api.w.org\/{rel}","templated":true}]}}