{"id":18578,"date":"2017-05-15T11:59:56","date_gmt":"2017-05-15T14:59:56","guid":{"rendered":"https:\/\/eldiariodesanpedro.com.ar\/sitio\/?p=18578"},"modified":"2017-05-15T11:59:56","modified_gmt":"2017-05-15T14:59:56","slug":"san-pedro-sede-de-prunus-sin-fronteras","status":"publish","type":"post","link":"https:\/\/eldiariodesanpedro.com.ar\/sitio\/san-pedro-sede-de-prunus-sin-fronteras\/","title":{"rendered":"San Pedro sede de Prunus Sin Fronteras"},"content":{"rendered":"<p><!-- VideographyWP Plugin Message: Automatic video embedding prevented by plugin options. --><br \/>\nDesde el 14 al 16 de noviembre se realizar\u00e1 el peri\u00f3dico encuentro que re\u00fane a especialistas de latinoam\u00e9rica para compartir discutir los avances en las investigaciones de los frutales de carozo. Esta vez el evento ser\u00e1 en Argentina, en la ciudad ubicada junto a las m\u00e1rgenes del r\u00edo Paran\u00e1 en el norte de Buenos Aires.<\/p>\n<p>El Encuentro Latinoamericano Prunus Sin Fronteras  comenz\u00f3 a realizarse en 2002 como un encuentro de tres pa\u00edses: Uruguay, Brasil y Argentina. Luego comenzaron a sumarse otros pa\u00edses y se instal\u00f3 con un ritmo m\u00e1s intenso hasta llegar a concretarse cada dos a\u00f1os. Se trata de un espacio para facilitar la comunicaci\u00f3n entre profesionales e investigadores dedicados al cultivo de especies de frutales de carozo que desarrollan sus actividades en los pa\u00edses de nuestra regi\u00f3n, permitiendo el intercambio de informaci\u00f3n novedosa, as\u00ed como la identificaci\u00f3n y priorizaci\u00f3n de necesidades comunes en cuanto a investigaci\u00f3n y desarrollo.<\/p>\n<p>Lleva el nombre de Prunus, como el g\u00e9nero que re\u00fane a los frutales de carozo en su amplia variedad, es decir, durazno, nectarina, cereza, ciruela, damasco y almendra. Este a\u00f1o habr\u00e1 tres ejes convocantes: mejoramiento  gen\u00e9tico y su relaci\u00f3n con el cambio clim\u00e1tico; nuevas  tecnolog\u00edas en la prevenci\u00f3n de enfermedades, el control de plagas, y la nutrici\u00f3n de las plantas frutales; y mercados  y tendencias en el consumo de frutas de carozo. Cada eje contar\u00e1 con disertaciones plenarias de especialistas nacionales y extranjeros. Adem\u00e1s, habr\u00e1 espacio para compartir investigaciones que se est\u00e9n llevando a cabo en los pa\u00edses participantes tanto en forma oral como p\u00f3ster, previamente evaluadas por un Comit\u00e9 Cient\u00edfico.<\/p>\n<p>En la historia de este encuentro, se ha generado la concurrencia de una numerosa cantidad de productores, empresarios, acad\u00e9micos, profesionales y estudiantes relacionados al sector, provenientes de pa\u00edses tales como Chile, Uruguay, Brasil, Paraguay, Bolivia y Argentina. Seguramente este noviembre de 2017 suceder\u00e1 lo mismo. San Pedro fue sede en 2015 de un seminario internacional de fruticultura que convoc\u00f3 profesionales de todo el pa\u00eds y un n\u00famero relevante de productores locales. La iniciativa permiti\u00f3 compartir experiencias no tan lejanas en aspectos vinculados al mejoramiento y la biotecnolog\u00eda. Prunus Sin Frontera retoma este impulso con la participaci\u00f3n de instituciones locales, regionales y nacionales para su concreci\u00f3n, as\u00ed como la red s\u00f3lida que se viene tejiendo desde su primer encuentro en Uruguay.<\/p>\n","protected":false},"excerpt":{"rendered":"<p>Desde el 14 al 16 de noviembre se realizar\u00e1 el peri\u00f3dico encuentro que re\u00fane a especialistas de latinoam\u00e9rica para compartir discutir los avances en las investigaciones de los frutales de carozo. Esta vez el evento ser\u00e1 en Argentina, en la ciudad ubicada junto a las m\u00e1rgenes del r\u00edo Paran\u00e1 en el norte de Buenos Aires. [&hellip;]<\/p>\n","protected":false},"author":4,"featured_media":18579,"comment_status":"open","ping_status":"closed","sticky":false,"template":"","format":"standard","meta":{"om_disable_all_campaigns":false,"_jetpack_memberships_contains_paid_content":false,"footnotes":""},"categories":[101,2],"tags":[],"class_list":["post-18578","post","type-post","status-publish","format-standard","has-post-thumbnail","hentry","category-interes-general-locales","category-locales"],"aioseo_notices":[],"gutentor_comment":0,"jetpack_featured_media_url":"https:\/\/eldiariodesanpedro.com.ar\/sitio\/wp-content\/uploads\/2017\/05\/inta.png","jetpack_shortlink":"https:\/\/wp.me\/p6RhLt-4PE","jetpack_sharing_enabled":true,"_links":{"self":[{"href":"https:\/\/eldiariodesanpedro.com.ar\/sitio\/wp-json\/wp\/v2\/posts\/18578","targetHints":{"allow":["GET"]}}],"collection":[{"href":"https:\/\/eldiariodesanpedro.com.ar\/sitio\/wp-json\/wp\/v2\/posts"}],"about":[{"href":"https:\/\/eldiariodesanpedro.com.ar\/sitio\/wp-json\/wp\/v2\/types\/post"}],"author":[{"embeddable":true,"href":"https:\/\/eldiariodesanpedro.com.ar\/sitio\/wp-json\/wp\/v2\/users\/4"}],"replies":[{"embeddable":true,"href":"https:\/\/eldiariodesanpedro.com.ar\/sitio\/wp-json\/wp\/v2\/comments?post=18578"}],"version-history":[{"count":1,"href":"https:\/\/eldiariodesanpedro.com.ar\/sitio\/wp-json\/wp\/v2\/posts\/18578\/revisions"}],"predecessor-version":[{"id":18580,"href":"https:\/\/eldiariodesanpedro.com.ar\/sitio\/wp-json\/wp\/v2\/posts\/18578\/revisions\/18580"}],"wp:featuredmedia":[{"embeddable":true,"href":"https:\/\/eldiariodesanpedro.com.ar\/sitio\/wp-json\/wp\/v2\/media\/18579"}],"wp:attachment":[{"href":"https:\/\/eldiariodesanpedro.com.ar\/sitio\/wp-json\/wp\/v2\/media?parent=18578"}],"wp:term":[{"taxonomy":"category","embeddable":true,"href":"https:\/\/eldiariodesanpedro.com.ar\/sitio\/wp-json\/wp\/v2\/categories?post=18578"},{"taxonomy":"post_tag","embeddable":true,"href":"https:\/\/eldiariodesanpedro.com.ar\/sitio\/wp-json\/wp\/v2\/tags?post=18578"}],"curies":[{"name":"wp","href":"https:\/\/api.w.org\/{rel}","templated":true}]}}