{"id":18572,"date":"2017-05-15T10:32:46","date_gmt":"2017-05-15T13:32:46","guid":{"rendered":"https:\/\/eldiariodesanpedro.com.ar\/sitio\/?p=18572"},"modified":"2017-05-15T10:32:46","modified_gmt":"2017-05-15T13:32:46","slug":"dia-de-la-produccion-san-pedro","status":"publish","type":"post","link":"https:\/\/eldiariodesanpedro.com.ar\/sitio\/dia-de-la-produccion-san-pedro\/","title":{"rendered":"D\u00eda de la Producci\u00f3n San Pedro"},"content":{"rendered":"<p><!-- VideographyWP Plugin Message: Automatic video embedding prevented by plugin options. --><br \/>\nEl Ministerio de la Producci\u00f3n de la Naci\u00f3n junto al de la Provincia de Buenos Aires y la Municipalidad de San Pedro tienen el agrado de invitar a productores de la ciudad y la zona a la jornada por el #D\u00edaDeLaProducci\u00f3n que tendr\u00e1 lugar el d\u00eda 22 de mayo, a las 15.00, en el Sal\u00f3n Clove ubicado sobre el kil\u00f3metro 6 y medio de la ruta 191.<\/p>\n<p>Durante la jornada se podr\u00e1 consultar a funcionarios y asesores especializados acerca de las herramientas y beneficios dise\u00f1ados para potenciar pymes o emprendimientos.<\/p>\n<p>Para optimizar la participaci\u00f3n, recomendamos a los asistentes que lo hagan con un documento con los detalles de los proyectos a presentar.<\/p>\n<p>Los interesados deben ingresar a http:\/\/www.produccion.gob.ar\/diadelaproduccion\/ para inscribirse. Ante cualquier consulta, el mail de contacto disponible es: dia@produccion. gob.ar<\/p>\n","protected":false},"excerpt":{"rendered":"<p>El Ministerio de la Producci\u00f3n de la Naci\u00f3n junto al de la Provincia de Buenos Aires y la Municipalidad de San Pedro tienen el agrado de invitar a productores de la ciudad y la zona a la jornada por el #D\u00edaDeLaProducci\u00f3n que tendr\u00e1 lugar el d\u00eda 22 de mayo, a las 15.00, en el Sal\u00f3n [&hellip;]<\/p>\n","protected":false},"author":4,"featured_media":18573,"comment_status":"open","ping_status":"closed","sticky":false,"template":"","format":"standard","meta":{"om_disable_all_campaigns":false,"_jetpack_memberships_contains_paid_content":false,"footnotes":""},"categories":[101,2],"tags":[],"class_list":["post-18572","post","type-post","status-publish","format-standard","has-post-thumbnail","hentry","category-interes-general-locales","category-locales"],"aioseo_notices":[],"gutentor_comment":0,"jetpack_featured_media_url":"https:\/\/eldiariodesanpedro.com.ar\/sitio\/wp-content\/uploads\/2017\/05\/DiaDeLaProduccion.png","jetpack_shortlink":"https:\/\/wp.me\/p6RhLt-4Py","jetpack_sharing_enabled":true,"_links":{"self":[{"href":"https:\/\/eldiariodesanpedro.com.ar\/sitio\/wp-json\/wp\/v2\/posts\/18572","targetHints":{"allow":["GET"]}}],"collection":[{"href":"https:\/\/eldiariodesanpedro.com.ar\/sitio\/wp-json\/wp\/v2\/posts"}],"about":[{"href":"https:\/\/eldiariodesanpedro.com.ar\/sitio\/wp-json\/wp\/v2\/types\/post"}],"author":[{"embeddable":true,"href":"https:\/\/eldiariodesanpedro.com.ar\/sitio\/wp-json\/wp\/v2\/users\/4"}],"replies":[{"embeddable":true,"href":"https:\/\/eldiariodesanpedro.com.ar\/sitio\/wp-json\/wp\/v2\/comments?post=18572"}],"version-history":[{"count":1,"href":"https:\/\/eldiariodesanpedro.com.ar\/sitio\/wp-json\/wp\/v2\/posts\/18572\/revisions"}],"predecessor-version":[{"id":18574,"href":"https:\/\/eldiariodesanpedro.com.ar\/sitio\/wp-json\/wp\/v2\/posts\/18572\/revisions\/18574"}],"wp:featuredmedia":[{"embeddable":true,"href":"https:\/\/eldiariodesanpedro.com.ar\/sitio\/wp-json\/wp\/v2\/media\/18573"}],"wp:attachment":[{"href":"https:\/\/eldiariodesanpedro.com.ar\/sitio\/wp-json\/wp\/v2\/media?parent=18572"}],"wp:term":[{"taxonomy":"category","embeddable":true,"href":"https:\/\/eldiariodesanpedro.com.ar\/sitio\/wp-json\/wp\/v2\/categories?post=18572"},{"taxonomy":"post_tag","embeddable":true,"href":"https:\/\/eldiariodesanpedro.com.ar\/sitio\/wp-json\/wp\/v2\/tags?post=18572"}],"curies":[{"name":"wp","href":"https:\/\/api.w.org\/{rel}","templated":true}]}}