{"id":18568,"date":"2017-05-15T09:21:40","date_gmt":"2017-05-15T12:21:40","guid":{"rendered":"https:\/\/eldiariodesanpedro.com.ar\/sitio\/?p=18568"},"modified":"2017-05-15T09:21:40","modified_gmt":"2017-05-15T12:21:40","slug":"una-persona-aprehendida-con-un-arma-tumbera","status":"publish","type":"post","link":"https:\/\/eldiariodesanpedro.com.ar\/sitio\/una-persona-aprehendida-con-un-arma-tumbera\/","title":{"rendered":"Una persona aprehendida con un arma \u00abtumbera\u00bb"},"content":{"rendered":"<p><!-- VideographyWP Plugin Message: Automatic video embedding prevented by plugin options. --><br \/>\nEste domingo el m\u00f3vil policial se tuvo que hacer presente en en calle 60 al 1000 donde se procedi\u00f3 a la aprehensi\u00f3n de un hombre de 31 a\u00f1os de edad quien tenia en su poder un arma de fuego de fabricaci\u00f3n casera (tumbera) con la cual intent\u00f3 amenazar a otro hombre de 34 a\u00f1os de edad domiciliado en la misma calle.<\/p>\n<p>El agresor hab\u00eda atacado a esta otra persona a golpes de pu\u00f1o d\u00e1ndose a la fuga al momento de la llegada del patrullero, se procedi\u00f3 a la detenci\u00f3n del mismo a pocas cuadras del lugar y se pudo constatar que el problema entre las personas ya era de larga data.<\/p>\n","protected":false},"excerpt":{"rendered":"<p>Este domingo el m\u00f3vil policial se tuvo que hacer presente en en calle 60 al 1000 donde se procedi\u00f3 a la aprehensi\u00f3n de un hombre de 31 a\u00f1os de edad quien tenia en su poder un arma de fuego de fabricaci\u00f3n casera (tumbera) con la cual intent\u00f3 amenazar a otro hombre de 34 a\u00f1os de [&hellip;]<\/p>\n","protected":false},"author":4,"featured_media":1378,"comment_status":"open","ping_status":"closed","sticky":false,"template":"","format":"standard","meta":{"om_disable_all_campaigns":false,"_jetpack_memberships_contains_paid_content":false,"footnotes":""},"categories":[2,103],"tags":[],"class_list":["post-18568","post","type-post","status-publish","format-standard","has-post-thumbnail","hentry","category-locales","category-policiales-locales"],"aioseo_notices":[],"gutentor_comment":0,"jetpack_featured_media_url":"https:\/\/eldiariodesanpedro.com.ar\/sitio\/wp-content\/uploads\/2015\/12\/detenido-esposado-620x413.jpg","jetpack_shortlink":"https:\/\/wp.me\/p6RhLt-4Pu","jetpack_sharing_enabled":true,"_links":{"self":[{"href":"https:\/\/eldiariodesanpedro.com.ar\/sitio\/wp-json\/wp\/v2\/posts\/18568","targetHints":{"allow":["GET"]}}],"collection":[{"href":"https:\/\/eldiariodesanpedro.com.ar\/sitio\/wp-json\/wp\/v2\/posts"}],"about":[{"href":"https:\/\/eldiariodesanpedro.com.ar\/sitio\/wp-json\/wp\/v2\/types\/post"}],"author":[{"embeddable":true,"href":"https:\/\/eldiariodesanpedro.com.ar\/sitio\/wp-json\/wp\/v2\/users\/4"}],"replies":[{"embeddable":true,"href":"https:\/\/eldiariodesanpedro.com.ar\/sitio\/wp-json\/wp\/v2\/comments?post=18568"}],"version-history":[{"count":1,"href":"https:\/\/eldiariodesanpedro.com.ar\/sitio\/wp-json\/wp\/v2\/posts\/18568\/revisions"}],"predecessor-version":[{"id":18569,"href":"https:\/\/eldiariodesanpedro.com.ar\/sitio\/wp-json\/wp\/v2\/posts\/18568\/revisions\/18569"}],"wp:featuredmedia":[{"embeddable":true,"href":"https:\/\/eldiariodesanpedro.com.ar\/sitio\/wp-json\/wp\/v2\/media\/1378"}],"wp:attachment":[{"href":"https:\/\/eldiariodesanpedro.com.ar\/sitio\/wp-json\/wp\/v2\/media?parent=18568"}],"wp:term":[{"taxonomy":"category","embeddable":true,"href":"https:\/\/eldiariodesanpedro.com.ar\/sitio\/wp-json\/wp\/v2\/categories?post=18568"},{"taxonomy":"post_tag","embeddable":true,"href":"https:\/\/eldiariodesanpedro.com.ar\/sitio\/wp-json\/wp\/v2\/tags?post=18568"}],"curies":[{"name":"wp","href":"https:\/\/api.w.org\/{rel}","templated":true}]}}