{"id":18565,"date":"2017-05-14T20:16:19","date_gmt":"2017-05-14T23:16:19","guid":{"rendered":"https:\/\/eldiariodesanpedro.com.ar\/sitio\/?p=18565"},"modified":"2017-05-14T20:16:19","modified_gmt":"2017-05-14T23:16:19","slug":"delincuentes-ignorados-ingresaron-en-el-estacionamiento-de-bomberos-publicos","status":"publish","type":"post","link":"https:\/\/eldiariodesanpedro.com.ar\/sitio\/delincuentes-ignorados-ingresaron-en-el-estacionamiento-de-bomberos-publicos\/","title":{"rendered":"Delincuentes ignorados ingresaron en el estacionamiento de Bomberos Publicos"},"content":{"rendered":"<p><!-- VideographyWP Plugin Message: Automatic video embedding prevented by plugin options. --><br \/>\nEn la madrugada de este domingo autores desconocidos ingresaron al estacionamiento del cuartel de Bomberos Voluntarios donde tras violentar el alambrado perimetral que se ubica en la parte superior del tapial, una vez ingresados provocan da\u00f1os en  4 veh\u00edculos en cristal de ventanillas, dentro del los vehiculos se pudo constatar un gran desorden no pudi\u00e9ndose determinar faltantes virtud de no haber localizado a propietarios hasta ese momentos.<\/p>\n","protected":false},"excerpt":{"rendered":"<p>En la madrugada de este domingo autores desconocidos ingresaron al estacionamiento del cuartel de Bomberos Voluntarios donde tras violentar el alambrado perimetral que se ubica en la parte superior del tapial, una vez ingresados provocan da\u00f1os en 4 veh\u00edculos en cristal de ventanillas, dentro del los vehiculos se pudo constatar un gran desorden no pudi\u00e9ndose [&hellip;]<\/p>\n","protected":false},"author":4,"featured_media":18229,"comment_status":"open","ping_status":"closed","sticky":false,"template":"","format":"standard","meta":{"om_disable_all_campaigns":false,"_jetpack_memberships_contains_paid_content":false,"footnotes":""},"categories":[2,103],"tags":[],"class_list":["post-18565","post","type-post","status-publish","format-standard","has-post-thumbnail","hentry","category-locales","category-policiales-locales"],"aioseo_notices":[],"gutentor_comment":0,"jetpack_featured_media_url":"https:\/\/eldiariodesanpedro.com.ar\/sitio\/wp-content\/uploads\/2017\/05\/bomberos-san-pedro-3.jpg","jetpack_shortlink":"https:\/\/wp.me\/p6RhLt-4Pr","jetpack_sharing_enabled":true,"_links":{"self":[{"href":"https:\/\/eldiariodesanpedro.com.ar\/sitio\/wp-json\/wp\/v2\/posts\/18565","targetHints":{"allow":["GET"]}}],"collection":[{"href":"https:\/\/eldiariodesanpedro.com.ar\/sitio\/wp-json\/wp\/v2\/posts"}],"about":[{"href":"https:\/\/eldiariodesanpedro.com.ar\/sitio\/wp-json\/wp\/v2\/types\/post"}],"author":[{"embeddable":true,"href":"https:\/\/eldiariodesanpedro.com.ar\/sitio\/wp-json\/wp\/v2\/users\/4"}],"replies":[{"embeddable":true,"href":"https:\/\/eldiariodesanpedro.com.ar\/sitio\/wp-json\/wp\/v2\/comments?post=18565"}],"version-history":[{"count":1,"href":"https:\/\/eldiariodesanpedro.com.ar\/sitio\/wp-json\/wp\/v2\/posts\/18565\/revisions"}],"predecessor-version":[{"id":18566,"href":"https:\/\/eldiariodesanpedro.com.ar\/sitio\/wp-json\/wp\/v2\/posts\/18565\/revisions\/18566"}],"wp:featuredmedia":[{"embeddable":true,"href":"https:\/\/eldiariodesanpedro.com.ar\/sitio\/wp-json\/wp\/v2\/media\/18229"}],"wp:attachment":[{"href":"https:\/\/eldiariodesanpedro.com.ar\/sitio\/wp-json\/wp\/v2\/media?parent=18565"}],"wp:term":[{"taxonomy":"category","embeddable":true,"href":"https:\/\/eldiariodesanpedro.com.ar\/sitio\/wp-json\/wp\/v2\/categories?post=18565"},{"taxonomy":"post_tag","embeddable":true,"href":"https:\/\/eldiariodesanpedro.com.ar\/sitio\/wp-json\/wp\/v2\/tags?post=18565"}],"curies":[{"name":"wp","href":"https:\/\/api.w.org\/{rel}","templated":true}]}}