{"id":18563,"date":"2017-05-14T20:00:58","date_gmt":"2017-05-14T23:00:58","guid":{"rendered":"https:\/\/eldiariodesanpedro.com.ar\/sitio\/?p=18563"},"modified":"2017-05-14T20:00:58","modified_gmt":"2017-05-14T23:00:58","slug":"accidente-de-transito-en-horas-de-la-madrugada-del-domingo","status":"publish","type":"post","link":"https:\/\/eldiariodesanpedro.com.ar\/sitio\/accidente-de-transito-en-horas-de-la-madrugada-del-domingo\/","title":{"rendered":"Accidente de transito en horas de la madrugada del domingo"},"content":{"rendered":"<p><!-- VideographyWP Plugin Message: Automatic video embedding prevented by plugin options. --><br \/>\nEn la madrugada de este domingo alrededor de las 06:00 hs se produjo un accidente de transito sucitado en la intersecci\u00f3n de las calles Salta y San Mart\u00edn, donde un autom\u00f3vil marca Citroen Mehari color blanco que era manejado por un hombre colisiono con una motocicleta  Yamaha YBR 150 cm3 color negro guiada por una joven y una acompa\u00f1ante. Ambas fueron lesionadas y trasladadas al hospital donde m\u00e9dico de guardia determino de manera posterior que no pose\u00edan lesiones de consideraci\u00f3n, siendo dadas de alta. Ambos rodados secuestrados por inspecci\u00f3n por alcoholemia positiva.<\/p>\n","protected":false},"excerpt":{"rendered":"<p>En la madrugada de este domingo alrededor de las 06:00 hs se produjo un accidente de transito sucitado en la intersecci\u00f3n de las calles Salta y San Mart\u00edn, donde un autom\u00f3vil marca Citroen Mehari color blanco que era manejado por un hombre colisiono con una motocicleta Yamaha YBR 150 cm3 color negro guiada por una [&hellip;]<\/p>\n","protected":false},"author":4,"featured_media":2624,"comment_status":"open","ping_status":"closed","sticky":false,"template":"","format":"standard","meta":{"om_disable_all_campaigns":false,"_jetpack_memberships_contains_paid_content":false,"footnotes":""},"categories":[2,103],"tags":[],"class_list":["post-18563","post","type-post","status-publish","format-standard","has-post-thumbnail","hentry","category-locales","category-policiales-locales"],"aioseo_notices":[],"gutentor_comment":0,"jetpack_featured_media_url":"https:\/\/eldiariodesanpedro.com.ar\/sitio\/wp-content\/uploads\/2016\/04\/guardia.jpg","jetpack_shortlink":"https:\/\/wp.me\/p6RhLt-4Pp","jetpack_sharing_enabled":true,"_links":{"self":[{"href":"https:\/\/eldiariodesanpedro.com.ar\/sitio\/wp-json\/wp\/v2\/posts\/18563","targetHints":{"allow":["GET"]}}],"collection":[{"href":"https:\/\/eldiariodesanpedro.com.ar\/sitio\/wp-json\/wp\/v2\/posts"}],"about":[{"href":"https:\/\/eldiariodesanpedro.com.ar\/sitio\/wp-json\/wp\/v2\/types\/post"}],"author":[{"embeddable":true,"href":"https:\/\/eldiariodesanpedro.com.ar\/sitio\/wp-json\/wp\/v2\/users\/4"}],"replies":[{"embeddable":true,"href":"https:\/\/eldiariodesanpedro.com.ar\/sitio\/wp-json\/wp\/v2\/comments?post=18563"}],"version-history":[{"count":1,"href":"https:\/\/eldiariodesanpedro.com.ar\/sitio\/wp-json\/wp\/v2\/posts\/18563\/revisions"}],"predecessor-version":[{"id":18564,"href":"https:\/\/eldiariodesanpedro.com.ar\/sitio\/wp-json\/wp\/v2\/posts\/18563\/revisions\/18564"}],"wp:featuredmedia":[{"embeddable":true,"href":"https:\/\/eldiariodesanpedro.com.ar\/sitio\/wp-json\/wp\/v2\/media\/2624"}],"wp:attachment":[{"href":"https:\/\/eldiariodesanpedro.com.ar\/sitio\/wp-json\/wp\/v2\/media?parent=18563"}],"wp:term":[{"taxonomy":"category","embeddable":true,"href":"https:\/\/eldiariodesanpedro.com.ar\/sitio\/wp-json\/wp\/v2\/categories?post=18563"},{"taxonomy":"post_tag","embeddable":true,"href":"https:\/\/eldiariodesanpedro.com.ar\/sitio\/wp-json\/wp\/v2\/tags?post=18563"}],"curies":[{"name":"wp","href":"https:\/\/api.w.org\/{rel}","templated":true}]}}