{"id":18561,"date":"2017-05-14T19:47:41","date_gmt":"2017-05-14T22:47:41","guid":{"rendered":"https:\/\/eldiariodesanpedro.com.ar\/sitio\/?p=18561"},"modified":"2017-05-14T19:47:41","modified_gmt":"2017-05-14T22:47:41","slug":"detienen-a-una-persona-en-estado-de-ebriedad-que-realizaba-disturbios","status":"publish","type":"post","link":"https:\/\/eldiariodesanpedro.com.ar\/sitio\/detienen-a-una-persona-en-estado-de-ebriedad-que-realizaba-disturbios\/","title":{"rendered":"Detienen a una persona en estado de ebriedad que realizaba disturbios"},"content":{"rendered":"<p><!-- VideographyWP Plugin Message: Automatic video embedding prevented by plugin options. --><br \/>\nEn la madrugada de este domingo alrededor de las 05:30 hs en calle Salta entre Las Heras y San Mart\u00edn de nuestra ciudad se hizo presente personal policial ante un hecho donde un joven que se encontraba en estado de ebriedad estar\u00eda produciendo disturbios y agravios a los transe\u00fantes. Al hacerse presente el m\u00f3vil este sujeto le arroja una botella que tenia en su poder. La persona fue trasladada a la comisaria local donde se le labraron las actuaciones contravencionales y luego puesto en libertad.<\/p>\n","protected":false},"excerpt":{"rendered":"<p>En la madrugada de este domingo alrededor de las 05:30 hs en calle Salta entre Las Heras y San Mart\u00edn de nuestra ciudad se hizo presente personal policial ante un hecho donde un joven que se encontraba en estado de ebriedad estar\u00eda produciendo disturbios y agravios a los transe\u00fantes. Al hacerse presente el m\u00f3vil este [&hellip;]<\/p>\n","protected":false},"author":4,"featured_media":4713,"comment_status":"open","ping_status":"closed","sticky":false,"template":"","format":"standard","meta":{"om_disable_all_campaigns":false,"_jetpack_memberships_contains_paid_content":false,"footnotes":""},"categories":[2,103],"tags":[],"class_list":["post-18561","post","type-post","status-publish","format-standard","has-post-thumbnail","hentry","category-locales","category-policiales-locales"],"aioseo_notices":[],"gutentor_comment":0,"jetpack_featured_media_url":"https:\/\/eldiariodesanpedro.com.ar\/sitio\/wp-content\/uploads\/2016\/05\/detenido.jpg","jetpack_shortlink":"https:\/\/wp.me\/p6RhLt-4Pn","jetpack_sharing_enabled":true,"_links":{"self":[{"href":"https:\/\/eldiariodesanpedro.com.ar\/sitio\/wp-json\/wp\/v2\/posts\/18561","targetHints":{"allow":["GET"]}}],"collection":[{"href":"https:\/\/eldiariodesanpedro.com.ar\/sitio\/wp-json\/wp\/v2\/posts"}],"about":[{"href":"https:\/\/eldiariodesanpedro.com.ar\/sitio\/wp-json\/wp\/v2\/types\/post"}],"author":[{"embeddable":true,"href":"https:\/\/eldiariodesanpedro.com.ar\/sitio\/wp-json\/wp\/v2\/users\/4"}],"replies":[{"embeddable":true,"href":"https:\/\/eldiariodesanpedro.com.ar\/sitio\/wp-json\/wp\/v2\/comments?post=18561"}],"version-history":[{"count":1,"href":"https:\/\/eldiariodesanpedro.com.ar\/sitio\/wp-json\/wp\/v2\/posts\/18561\/revisions"}],"predecessor-version":[{"id":18562,"href":"https:\/\/eldiariodesanpedro.com.ar\/sitio\/wp-json\/wp\/v2\/posts\/18561\/revisions\/18562"}],"wp:featuredmedia":[{"embeddable":true,"href":"https:\/\/eldiariodesanpedro.com.ar\/sitio\/wp-json\/wp\/v2\/media\/4713"}],"wp:attachment":[{"href":"https:\/\/eldiariodesanpedro.com.ar\/sitio\/wp-json\/wp\/v2\/media?parent=18561"}],"wp:term":[{"taxonomy":"category","embeddable":true,"href":"https:\/\/eldiariodesanpedro.com.ar\/sitio\/wp-json\/wp\/v2\/categories?post=18561"},{"taxonomy":"post_tag","embeddable":true,"href":"https:\/\/eldiariodesanpedro.com.ar\/sitio\/wp-json\/wp\/v2\/tags?post=18561"}],"curies":[{"name":"wp","href":"https:\/\/api.w.org\/{rel}","templated":true}]}}