{"id":18547,"date":"2017-05-14T19:33:28","date_gmt":"2017-05-14T22:33:28","guid":{"rendered":"https:\/\/eldiariodesanpedro.com.ar\/sitio\/?p=18547"},"modified":"2026-01-24T00:26:14","modified_gmt":"2026-01-24T03:26:14","slug":"patin-artistico-inolvidable-fin-de-semana-para-violeta-nouet-quien-se-consagro-campeona-argentina","status":"publish","type":"post","link":"https:\/\/eldiariodesanpedro.com.ar\/sitio\/patin-artistico-inolvidable-fin-de-semana-para-violeta-nouet-quien-se-consagro-campeona-argentina\/","title":{"rendered":"PAT\u00cdN ART\u00cdSTICO: Inolvidable fin de semana para Violeta Nouet, quien se consagr\u00f3 campeona argentina"},"content":{"rendered":"<p><!-- VideographyWP Plugin Message: Automatic video embedding prevented by plugin options. --><br \/>\n  Varias patinadoras locales que lograron participar en el Campeonato Argentino lo hicieron desde el pasado jueves y hasta el s\u00e1bado en duras pruebas (diferentes estilos y categor\u00edas) para lograr en muchos casos quedar entre las mejores del pa\u00eds. Los clubes que participaron del evento son Am\u00e9rica, Mitre, Paran\u00e1 y Pescadores. M\u00e1s de 1400 atletas en el Nacional de la \u201cB\u201d llevado a cabo en el Club Provincial y una impresionante ceremonia de apertura que le dio un marco excepcional. <\/p>\n<p>  Sobresaliente actuaci\u00f3n de Violeta Nouet, patinadora de Paran\u00e1 F.C., quien logr\u00f3 coronarse en la ciudad de Rosario como Campeona Argentina categor\u00eda Junior \u201cB\u201d. Violeta viaj\u00f3 junto a Alisa P\u00e1ez y su entrenadora Carina Ruiz. <\/p>\n<p>  \u201cY si as\u00ed fue que un d\u00eda arrancamos de bien abajo, con sol, lluvia, y ni hablar de tormentas, alegr\u00edas, tristezas, fr\u00edo y calor e infinidades de cosas, todo hoy se fundi\u00f3 en un programa de 2 minutos donde brillaste con luz propia, felicitaciones Violeta Nouet, ahora con mucha humildad a seguir creciendo y vamos por m\u00e1s Campeona Nacional Juniors cat. \u201cB\u201d y mil gracias por el aguante a todos!\u201d dijo Carina muy emocionada.<\/p>\n<p>  El Club Sportivo Am\u00e9rica tuvo a Johanna Tau en la pista meti\u00e9ndose en la final, junto a su reconocido entrenador Osvaldo \u00c1lvarez. Quien al finalizar las competencias manifest\u00f3: \u201cOrgulloso de mis alumnas Johanna de San Pedro y de Capit\u00e1n Sarmiento Agostina, Maira y Antonella. Por el desempe\u00f1o y superaci\u00f3n en el Nacional \u201cB\u201d que se realiz\u00f3 en Rosario\u201d.   <\/p>\n<p>  Mar\u00eda P. Ferreyra, entrenadora del Club Mitre, present\u00f3 a Isis Medina y Serena Mu\u00f1oz. La primera lo hizo luego de un impase de algunos a\u00f1os sin participar volvi\u00f3 a la competencia para estar en el m\u00e1ximo evento, mientras que Serena se ubic\u00f3 novena en la final.<\/p>\n<p>  M. Paula dijo en su cuenta de Facebook: \u201cFelicitaciones hermosas. Finalizando otro Nacional y nada menos que enfrent\u00e1ndose a competir en categor\u00edas de m\u00e1s de 30 patinadoras. En la pista demostraron que son felices y lo disfrutan y que han trabajado duro para llegar aqu\u00ed.  Ahora a seguir con todo, que nada las detenga. \u00a1Estoy orgullosa de ustedes! Las quiero mucho Isis Medina y Serena Mu\u00f1oz\u201d.<\/p>\n<p>  El Club Pescadores, representado por Eliana Gonz\u00e1lez, entrenadora, y las deportistas Quimey Leiva y Abril Medina Casco, clasificando esta \u00faltima en la d\u00e9cima posici\u00f3n en la final.<\/p>\n<p>  La entrenadora Eliana Gonz\u00e1lez expres\u00f3 luego de las competencias: \u201cFin de otro nacional para m\u00ed y que m\u00e1s puedo decir, que estoy totalmente feliz por sus desempe\u00f1os, se las vio completas en la pista y disfrutando cada momento. Lo m\u00e1s importante es que me volvieron a demostrar que \u00e9sto es realmente lo que aman. Gracias por compartir este deporte conmigo y gracias a todos los que nos apoyaron en todos los aspectos. \u00a1Ahora a seguir trabajando m\u00e1s duro porque si se puede! y ustedes lo demostraron&#8230; Las adoro Abril Medina Casco y Quiqui Leiva\u00bb.<\/p>\n<div data-carousel-extra='{&quot;blog_id&quot;:1,&quot;permalink&quot;:&quot;https:\/\/eldiariodesanpedro.com.ar\/sitio\/patin-artistico-inolvidable-fin-de-semana-para-violeta-nouet-quien-se-consagro-campeona-argentina\/&quot;}' id='gallery-1' class='gallery galleryid-18547 gallery-columns-3 gallery-size-large'><figure class='gallery-item'>\n\t\t\t<div class='gallery-icon landscape'>\n\t\t\t\t<a href='https:\/\/eldiariodesanpedro.com.ar\/sitio\/patin-artistico-inolvidable-fin-de-semana-para-violeta-nouet-quien-se-consagro-campeona-argentina\/abril-medina-casco-y-quimey-leiva-junto-a-e-gonzalez-pescadores\/'><img decoding=\"async\" width=\"602\" height=\"602\" data-src=\"https:\/\/eldiariodesanpedro.com.ar\/sitio\/wp-content\/uploads\/2017\/05\/Abril-Medina-Casco-y-Quimey-Leiva-junto-a-E.-Gonz\u00e1lez-Pescadores.jpg\" class=\"attachment-large size-large lazyload\" alt=\"El Diario de San Pedro | Noticias locales y regionales\" data-srcset=\"https:\/\/eldiariodesanpedro.com.ar\/sitio\/wp-content\/uploads\/2017\/05\/Abril-Medina-Casco-y-Quimey-Leiva-junto-a-E.-Gonz\u00e1lez-Pescadores.jpg 602w, https:\/\/eldiariodesanpedro.com.ar\/sitio\/wp-content\/uploads\/2017\/05\/Abril-Medina-Casco-y-Quimey-Leiva-junto-a-E.-Gonz\u00e1lez-Pescadores-150x150.jpg 150w, https:\/\/eldiariodesanpedro.com.ar\/sitio\/wp-content\/uploads\/2017\/05\/Abril-Medina-Casco-y-Quimey-Leiva-junto-a-E.-Gonz\u00e1lez-Pescadores-300x300.jpg 300w\" data-sizes=\"(max-width: 602px) 100vw, 602px\" data-attachment-id=\"18549\" data-permalink=\"https:\/\/eldiariodesanpedro.com.ar\/sitio\/patin-artistico-inolvidable-fin-de-semana-para-violeta-nouet-quien-se-consagro-campeona-argentina\/abril-medina-casco-y-quimey-leiva-junto-a-e-gonzalez-pescadores\/\" data-orig-file=\"https:\/\/eldiariodesanpedro.com.ar\/sitio\/wp-content\/uploads\/2017\/05\/Abril-Medina-Casco-y-Quimey-Leiva-junto-a-E.-Gonz\u00e1lez-Pescadores.jpg\" data-orig-size=\"602,602\" data-comments-opened=\"1\" data-image-meta=\"{&quot;aperture&quot;:&quot;0&quot;,&quot;credit&quot;:&quot;&quot;,&quot;camera&quot;:&quot;&quot;,&quot;caption&quot;:&quot;&quot;,&quot;created_timestamp&quot;:&quot;0&quot;,&quot;copyright&quot;:&quot;&quot;,&quot;focal_length&quot;:&quot;0&quot;,&quot;iso&quot;:&quot;0&quot;,&quot;shutter_speed&quot;:&quot;0&quot;,&quot;title&quot;:&quot;&quot;,&quot;orientation&quot;:&quot;0&quot;}\" data-image-title=\"Abril Medina Casco y Quimey Leiva junto a E. Gonz\u00e1lez Pescadores\" data-image-description=\"\" data-image-caption=\"\" data-large-file=\"https:\/\/eldiariodesanpedro.com.ar\/sitio\/wp-content\/uploads\/2017\/05\/Abril-Medina-Casco-y-Quimey-Leiva-junto-a-E.-Gonz\u00e1lez-Pescadores.jpg\" src=\"data:image\/svg+xml;base64,PHN2ZyB3aWR0aD0iMSIgaGVpZ2h0PSIxIiB4bWxucz0iaHR0cDovL3d3dy53My5vcmcvMjAwMC9zdmciPjwvc3ZnPg==\" style=\"--smush-placeholder-width: 602px; --smush-placeholder-aspect-ratio: 602\/602;\" \/><\/a>\n\t\t\t<\/div><\/figure><figure class='gallery-item'>\n\t\t\t<div class='gallery-icon portrait'>\n\t\t\t\t<a href='https:\/\/eldiariodesanpedro.com.ar\/sitio\/patin-artistico-inolvidable-fin-de-semana-para-violeta-nouet-quien-se-consagro-campeona-argentina\/violeta-nouet-y-alisa-paez-ambas-representantes-de-parana-fc\/'><img decoding=\"async\" width=\"533\" height=\"960\" data-src=\"https:\/\/eldiariodesanpedro.com.ar\/sitio\/wp-content\/uploads\/2017\/05\/Violeta-Nouet-y-Alisa-P\u00e1ez-ambas-representantes-de-Paran\u00e1-FC..jpg\" class=\"attachment-large size-large lazyload\" alt=\"El Diario de San Pedro | Noticias locales y regionales\" data-srcset=\"https:\/\/eldiariodesanpedro.com.ar\/sitio\/wp-content\/uploads\/2017\/05\/Violeta-Nouet-y-Alisa-P\u00e1ez-ambas-representantes-de-Paran\u00e1-FC..jpg 533w, https:\/\/eldiariodesanpedro.com.ar\/sitio\/wp-content\/uploads\/2017\/05\/Violeta-Nouet-y-Alisa-P\u00e1ez-ambas-representantes-de-Paran\u00e1-FC.-167x300.jpg 167w\" data-sizes=\"(max-width: 533px) 100vw, 533px\" data-attachment-id=\"18552\" data-permalink=\"https:\/\/eldiariodesanpedro.com.ar\/sitio\/patin-artistico-inolvidable-fin-de-semana-para-violeta-nouet-quien-se-consagro-campeona-argentina\/violeta-nouet-y-alisa-paez-ambas-representantes-de-parana-fc\/\" data-orig-file=\"https:\/\/eldiariodesanpedro.com.ar\/sitio\/wp-content\/uploads\/2017\/05\/Violeta-Nouet-y-Alisa-P\u00e1ez-ambas-representantes-de-Paran\u00e1-FC..jpg\" data-orig-size=\"533,960\" data-comments-opened=\"1\" data-image-meta=\"{&quot;aperture&quot;:&quot;0&quot;,&quot;credit&quot;:&quot;&quot;,&quot;camera&quot;:&quot;&quot;,&quot;caption&quot;:&quot;&quot;,&quot;created_timestamp&quot;:&quot;0&quot;,&quot;copyright&quot;:&quot;&quot;,&quot;focal_length&quot;:&quot;0&quot;,&quot;iso&quot;:&quot;0&quot;,&quot;shutter_speed&quot;:&quot;0&quot;,&quot;title&quot;:&quot;&quot;,&quot;orientation&quot;:&quot;0&quot;}\" data-image-title=\"Violeta Nouet y Alisa P\u00e1ez, ambas representantes de Paran\u00e1 FC.\" data-image-description=\"\" data-image-caption=\"\" data-large-file=\"https:\/\/eldiariodesanpedro.com.ar\/sitio\/wp-content\/uploads\/2017\/05\/Violeta-Nouet-y-Alisa-P\u00e1ez-ambas-representantes-de-Paran\u00e1-FC..jpg\" src=\"data:image\/svg+xml;base64,PHN2ZyB3aWR0aD0iMSIgaGVpZ2h0PSIxIiB4bWxucz0iaHR0cDovL3d3dy53My5vcmcvMjAwMC9zdmciPjwvc3ZnPg==\" style=\"--smush-placeholder-width: 533px; --smush-placeholder-aspect-ratio: 533\/960;\" \/><\/a>\n\t\t\t<\/div><\/figure><figure class='gallery-item'>\n\t\t\t<div class='gallery-icon portrait'>\n\t\t\t\t<a href='https:\/\/eldiariodesanpedro.com.ar\/sitio\/patin-artistico-inolvidable-fin-de-semana-para-violeta-nouet-quien-se-consagro-campeona-argentina\/johanna-tau-america-junto-a-patinadoras-de-lipac-en-el-nacional\/'><img decoding=\"async\" width=\"640\" height=\"855\" data-src=\"https:\/\/eldiariodesanpedro.com.ar\/sitio\/wp-content\/uploads\/2017\/05\/Johanna-Tau-Am\u00e9rica-junto-a-patinadoras-de-Lipac-en-el-nacional.jpg\" class=\"attachment-large size-large lazyload\" alt=\"El Diario de San Pedro | Noticias locales y regionales\" data-srcset=\"https:\/\/eldiariodesanpedro.com.ar\/sitio\/wp-content\/uploads\/2017\/05\/Johanna-Tau-Am\u00e9rica-junto-a-patinadoras-de-Lipac-en-el-nacional.jpg 719w, https:\/\/eldiariodesanpedro.com.ar\/sitio\/wp-content\/uploads\/2017\/05\/Johanna-Tau-Am\u00e9rica-junto-a-patinadoras-de-Lipac-en-el-nacional-225x300.jpg 225w\" data-sizes=\"(max-width: 640px) 100vw, 640px\" data-attachment-id=\"18551\" data-permalink=\"https:\/\/eldiariodesanpedro.com.ar\/sitio\/patin-artistico-inolvidable-fin-de-semana-para-violeta-nouet-quien-se-consagro-campeona-argentina\/johanna-tau-america-junto-a-patinadoras-de-lipac-en-el-nacional\/\" data-orig-file=\"https:\/\/eldiariodesanpedro.com.ar\/sitio\/wp-content\/uploads\/2017\/05\/Johanna-Tau-Am\u00e9rica-junto-a-patinadoras-de-Lipac-en-el-nacional.jpg\" data-orig-size=\"719,960\" data-comments-opened=\"1\" data-image-meta=\"{&quot;aperture&quot;:&quot;0&quot;,&quot;credit&quot;:&quot;&quot;,&quot;camera&quot;:&quot;&quot;,&quot;caption&quot;:&quot;&quot;,&quot;created_timestamp&quot;:&quot;0&quot;,&quot;copyright&quot;:&quot;&quot;,&quot;focal_length&quot;:&quot;0&quot;,&quot;iso&quot;:&quot;0&quot;,&quot;shutter_speed&quot;:&quot;0&quot;,&quot;title&quot;:&quot;&quot;,&quot;orientation&quot;:&quot;0&quot;}\" data-image-title=\"Johanna Tau (Am\u00e9rica) junto a patinadoras de Lipac en el nacional\" data-image-description=\"\" data-image-caption=\"\" data-large-file=\"https:\/\/eldiariodesanpedro.com.ar\/sitio\/wp-content\/uploads\/2017\/05\/Johanna-Tau-Am\u00e9rica-junto-a-patinadoras-de-Lipac-en-el-nacional.jpg\" src=\"data:image\/svg+xml;base64,PHN2ZyB3aWR0aD0iMSIgaGVpZ2h0PSIxIiB4bWxucz0iaHR0cDovL3d3dy53My5vcmcvMjAwMC9zdmciPjwvc3ZnPg==\" style=\"--smush-placeholder-width: 640px; --smush-placeholder-aspect-ratio: 640\/855;\" \/><\/a>\n\t\t\t<\/div><\/figure><figure class='gallery-item'>\n\t\t\t<div class='gallery-icon landscape'>\n\t\t\t\t<a href='https:\/\/eldiariodesanpedro.com.ar\/sitio\/patin-artistico-inolvidable-fin-de-semana-para-violeta-nouet-quien-se-consagro-campeona-argentina\/isis-medina-y-serena-munoz-ambas-del-club-mitre\/'><img decoding=\"async\" width=\"602\" height=\"602\" data-src=\"https:\/\/eldiariodesanpedro.com.ar\/sitio\/wp-content\/uploads\/2017\/05\/Isis-Medina-y-Serena-Mu\u00f1oz-ambas-del-club-Mitre.jpg\" class=\"attachment-large size-large lazyload\" alt=\"El Diario de San Pedro | Noticias locales y regionales\" data-srcset=\"https:\/\/eldiariodesanpedro.com.ar\/sitio\/wp-content\/uploads\/2017\/05\/Isis-Medina-y-Serena-Mu\u00f1oz-ambas-del-club-Mitre.jpg 602w, https:\/\/eldiariodesanpedro.com.ar\/sitio\/wp-content\/uploads\/2017\/05\/Isis-Medina-y-Serena-Mu\u00f1oz-ambas-del-club-Mitre-150x150.jpg 150w, https:\/\/eldiariodesanpedro.com.ar\/sitio\/wp-content\/uploads\/2017\/05\/Isis-Medina-y-Serena-Mu\u00f1oz-ambas-del-club-Mitre-300x300.jpg 300w\" data-sizes=\"(max-width: 602px) 100vw, 602px\" data-attachment-id=\"18550\" data-permalink=\"https:\/\/eldiariodesanpedro.com.ar\/sitio\/patin-artistico-inolvidable-fin-de-semana-para-violeta-nouet-quien-se-consagro-campeona-argentina\/isis-medina-y-serena-munoz-ambas-del-club-mitre\/\" data-orig-file=\"https:\/\/eldiariodesanpedro.com.ar\/sitio\/wp-content\/uploads\/2017\/05\/Isis-Medina-y-Serena-Mu\u00f1oz-ambas-del-club-Mitre.jpg\" data-orig-size=\"602,602\" data-comments-opened=\"1\" data-image-meta=\"{&quot;aperture&quot;:&quot;0&quot;,&quot;credit&quot;:&quot;&quot;,&quot;camera&quot;:&quot;&quot;,&quot;caption&quot;:&quot;&quot;,&quot;created_timestamp&quot;:&quot;0&quot;,&quot;copyright&quot;:&quot;&quot;,&quot;focal_length&quot;:&quot;0&quot;,&quot;iso&quot;:&quot;0&quot;,&quot;shutter_speed&quot;:&quot;0&quot;,&quot;title&quot;:&quot;&quot;,&quot;orientation&quot;:&quot;0&quot;}\" data-image-title=\"Isis Medina y Serena Mu\u00f1oz, ambas del club Mitre\" data-image-description=\"\" data-image-caption=\"\" data-large-file=\"https:\/\/eldiariodesanpedro.com.ar\/sitio\/wp-content\/uploads\/2017\/05\/Isis-Medina-y-Serena-Mu\u00f1oz-ambas-del-club-Mitre.jpg\" src=\"data:image\/svg+xml;base64,PHN2ZyB3aWR0aD0iMSIgaGVpZ2h0PSIxIiB4bWxucz0iaHR0cDovL3d3dy53My5vcmcvMjAwMC9zdmciPjwvc3ZnPg==\" style=\"--smush-placeholder-width: 602px; --smush-placeholder-aspect-ratio: 602\/602;\" \/><\/a>\n\t\t\t<\/div><\/figure>\n\t\t<\/div>\n\n","protected":false},"excerpt":{"rendered":"<p>Varias patinadoras locales que lograron participar en el Campeonato Argentino lo hicieron desde el pasado jueves y hasta el s\u00e1bado en duras pruebas (diferentes estilos y categor\u00edas) para lograr en muchos casos quedar entre las mejores del pa\u00eds. Los clubes que participaron del evento son Am\u00e9rica, Mitre, Paran\u00e1 y Pescadores. M\u00e1s de 1400 atletas en [&hellip;]<\/p>\n","protected":false},"author":4,"featured_media":18548,"comment_status":"open","ping_status":"closed","sticky":false,"template":"","format":"standard","meta":{"om_disable_all_campaigns":false,"_jetpack_memberships_contains_paid_content":false,"footnotes":""},"categories":[5],"tags":[],"class_list":["post-18547","post","type-post","status-publish","format-standard","has-post-thumbnail","hentry","category-deportes"],"aioseo_notices":[],"gutentor_comment":0,"jetpack_featured_media_url":"https:\/\/eldiariodesanpedro.com.ar\/sitio\/wp-content\/uploads\/2017\/05\/patin-artistico.jpg","jetpack_shortlink":"https:\/\/wp.me\/p6RhLt-4P9","jetpack_sharing_enabled":true,"_links":{"self":[{"href":"https:\/\/eldiariodesanpedro.com.ar\/sitio\/wp-json\/wp\/v2\/posts\/18547","targetHints":{"allow":["GET"]}}],"collection":[{"href":"https:\/\/eldiariodesanpedro.com.ar\/sitio\/wp-json\/wp\/v2\/posts"}],"about":[{"href":"https:\/\/eldiariodesanpedro.com.ar\/sitio\/wp-json\/wp\/v2\/types\/post"}],"author":[{"embeddable":true,"href":"https:\/\/eldiariodesanpedro.com.ar\/sitio\/wp-json\/wp\/v2\/users\/4"}],"replies":[{"embeddable":true,"href":"https:\/\/eldiariodesanpedro.com.ar\/sitio\/wp-json\/wp\/v2\/comments?post=18547"}],"version-history":[{"count":3,"href":"https:\/\/eldiariodesanpedro.com.ar\/sitio\/wp-json\/wp\/v2\/posts\/18547\/revisions"}],"predecessor-version":[{"id":18556,"href":"https:\/\/eldiariodesanpedro.com.ar\/sitio\/wp-json\/wp\/v2\/posts\/18547\/revisions\/18556"}],"wp:featuredmedia":[{"embeddable":true,"href":"https:\/\/eldiariodesanpedro.com.ar\/sitio\/wp-json\/wp\/v2\/media\/18548"}],"wp:attachment":[{"href":"https:\/\/eldiariodesanpedro.com.ar\/sitio\/wp-json\/wp\/v2\/media?parent=18547"}],"wp:term":[{"taxonomy":"category","embeddable":true,"href":"https:\/\/eldiariodesanpedro.com.ar\/sitio\/wp-json\/wp\/v2\/categories?post=18547"},{"taxonomy":"post_tag","embeddable":true,"href":"https:\/\/eldiariodesanpedro.com.ar\/sitio\/wp-json\/wp\/v2\/tags?post=18547"}],"curies":[{"name":"wp","href":"https:\/\/api.w.org\/{rel}","templated":true}]}}