{"id":18546,"date":"2017-05-14T19:31:58","date_gmt":"2017-05-14T22:31:58","guid":{"rendered":"https:\/\/eldiariodesanpedro.com.ar\/sitio\/?p=18546"},"modified":"2017-05-14T19:37:58","modified_gmt":"2017-05-14T22:37:58","slug":"recuperan-moto-robada-en-gobernandor-castro","status":"publish","type":"post","link":"https:\/\/eldiariodesanpedro.com.ar\/sitio\/recuperan-moto-robada-en-gobernandor-castro\/","title":{"rendered":"Recuperan moto robada en Gobernandor Castro"},"content":{"rendered":"<p><!-- VideographyWP Plugin Message: Automatic video embedding prevented by plugin options. --><br \/>\nEn el d\u00eda de ayer en la localidad de Gobernador Castro personal del destacamento policial en conjunto con la polic\u00eda local interceptan una motocicleta marca Guerrero Trip 110 cc color negro en la intersecci\u00f3n de calles San Mart\u00edn y Entre R\u00edos, la cual presentaba pedido de secuestro desde el d\u00eda 30 de Marzo de 2015. <\/p>\n","protected":false},"excerpt":{"rendered":"<p>En el d\u00eda de ayer en la localidad de Gobernador Castro personal del destacamento policial en conjunto con la polic\u00eda local interceptan una motocicleta marca Guerrero Trip 110 cc color negro en la intersecci\u00f3n de calles San Mart\u00edn y Entre R\u00edos, la cual presentaba pedido de secuestro desde el d\u00eda 30 de Marzo de 2015.<\/p>\n","protected":false},"author":4,"featured_media":3029,"comment_status":"open","ping_status":"closed","sticky":false,"template":"","format":"standard","meta":{"om_disable_all_campaigns":false,"_jetpack_memberships_contains_paid_content":false,"footnotes":""},"categories":[50,2,103],"tags":[],"class_list":["post-18546","post","type-post","status-publish","format-standard","has-post-thumbnail","hentry","category-destacadas","category-locales","category-policiales-locales"],"aioseo_notices":[],"gutentor_comment":0,"jetpack_featured_media_url":"https:\/\/eldiariodesanpedro.com.ar\/sitio\/wp-content\/uploads\/2016\/04\/moto-patrullero.jpg","jetpack_shortlink":"https:\/\/wp.me\/p6RhLt-4P8","jetpack_sharing_enabled":true,"_links":{"self":[{"href":"https:\/\/eldiariodesanpedro.com.ar\/sitio\/wp-json\/wp\/v2\/posts\/18546","targetHints":{"allow":["GET"]}}],"collection":[{"href":"https:\/\/eldiariodesanpedro.com.ar\/sitio\/wp-json\/wp\/v2\/posts"}],"about":[{"href":"https:\/\/eldiariodesanpedro.com.ar\/sitio\/wp-json\/wp\/v2\/types\/post"}],"author":[{"embeddable":true,"href":"https:\/\/eldiariodesanpedro.com.ar\/sitio\/wp-json\/wp\/v2\/users\/4"}],"replies":[{"embeddable":true,"href":"https:\/\/eldiariodesanpedro.com.ar\/sitio\/wp-json\/wp\/v2\/comments?post=18546"}],"version-history":[{"count":3,"href":"https:\/\/eldiariodesanpedro.com.ar\/sitio\/wp-json\/wp\/v2\/posts\/18546\/revisions"}],"predecessor-version":[{"id":18560,"href":"https:\/\/eldiariodesanpedro.com.ar\/sitio\/wp-json\/wp\/v2\/posts\/18546\/revisions\/18560"}],"wp:featuredmedia":[{"embeddable":true,"href":"https:\/\/eldiariodesanpedro.com.ar\/sitio\/wp-json\/wp\/v2\/media\/3029"}],"wp:attachment":[{"href":"https:\/\/eldiariodesanpedro.com.ar\/sitio\/wp-json\/wp\/v2\/media?parent=18546"}],"wp:term":[{"taxonomy":"category","embeddable":true,"href":"https:\/\/eldiariodesanpedro.com.ar\/sitio\/wp-json\/wp\/v2\/categories?post=18546"},{"taxonomy":"post_tag","embeddable":true,"href":"https:\/\/eldiariodesanpedro.com.ar\/sitio\/wp-json\/wp\/v2\/tags?post=18546"}],"curies":[{"name":"wp","href":"https:\/\/api.w.org\/{rel}","templated":true}]}}