{"id":18544,"date":"2017-05-14T18:12:43","date_gmt":"2017-05-14T21:12:43","guid":{"rendered":"https:\/\/eldiariodesanpedro.com.ar\/sitio\/?p=18544"},"modified":"2017-05-14T18:12:43","modified_gmt":"2017-05-14T21:12:43","slug":"alsina-aprehendieron-a-un-hombre-que-degollo-a-la-oveja-de-su-vecina","status":"publish","type":"post","link":"https:\/\/eldiariodesanpedro.com.ar\/sitio\/alsina-aprehendieron-a-un-hombre-que-degollo-a-la-oveja-de-su-vecina\/","title":{"rendered":"ALSINA: Aprehendieron a un hombre que degoll\u00f3 a la oveja de su vecina"},"content":{"rendered":"<p><!-- VideographyWP Plugin Message: Automatic video embedding prevented by plugin options. --><br \/>\nEn el destacamento de la localidad de Alsina, se iniciaron actuaciones con intervenci\u00f3n de la fiscal\u00eda en turno, por la sustracci\u00f3n de un animal ovino, de las que result\u00f3 damnificada una se\u00f1ora mayor de edad, domiciliada en esa localidad.<\/p>\n<p>A consecuencia de ello se llevaron a cabo las averiguaciones correspondientes y, confirmado legajo investigativo, se solicit\u00f3 una diligencia de allanamiento para con una vivienda ubicada en Cuartel X de la mencionada localidad, donde reside un masculino mayor de edad.<\/p>\n<p>En el mismo se procedi\u00f3 al secuestro de un animal raza ovino (muerto y sin la cabeza), una escopeta calibre 16 de un ca\u00f1o y varios cartuchos del mismo calibre, como as\u00ed a la aprehensi\u00f3n del morador de la vivienda, qui\u00e9n se encuentra procesado en orden del delito de Tenencia ilegal de arma de Uso civil y Hurto Ganado Menor. (Tu L\u00ednea Directa)<\/p>\n","protected":false},"excerpt":{"rendered":"<p>En el destacamento de la localidad de Alsina, se iniciaron actuaciones con intervenci\u00f3n de la fiscal\u00eda en turno, por la sustracci\u00f3n de un animal ovino, de las que result\u00f3 damnificada una se\u00f1ora mayor de edad, domiciliada en esa localidad. A consecuencia de ello se llevaron a cabo las averiguaciones correspondientes y, confirmado legajo investigativo, se [&hellip;]<\/p>\n","protected":false},"author":4,"featured_media":5796,"comment_status":"open","ping_status":"closed","sticky":false,"template":"","format":"standard","meta":{"om_disable_all_campaigns":false,"_jetpack_memberships_contains_paid_content":false,"footnotes":""},"categories":[621],"tags":[],"class_list":["post-18544","post","type-post","status-publish","format-standard","has-post-thumbnail","hentry","category-regionales"],"aioseo_notices":[],"gutentor_comment":0,"jetpack_featured_media_url":"https:\/\/eldiariodesanpedro.com.ar\/sitio\/wp-content\/uploads\/2016\/07\/0007654707-1.jpg","jetpack_shortlink":"https:\/\/wp.me\/p6RhLt-4P6","jetpack_sharing_enabled":true,"_links":{"self":[{"href":"https:\/\/eldiariodesanpedro.com.ar\/sitio\/wp-json\/wp\/v2\/posts\/18544","targetHints":{"allow":["GET"]}}],"collection":[{"href":"https:\/\/eldiariodesanpedro.com.ar\/sitio\/wp-json\/wp\/v2\/posts"}],"about":[{"href":"https:\/\/eldiariodesanpedro.com.ar\/sitio\/wp-json\/wp\/v2\/types\/post"}],"author":[{"embeddable":true,"href":"https:\/\/eldiariodesanpedro.com.ar\/sitio\/wp-json\/wp\/v2\/users\/4"}],"replies":[{"embeddable":true,"href":"https:\/\/eldiariodesanpedro.com.ar\/sitio\/wp-json\/wp\/v2\/comments?post=18544"}],"version-history":[{"count":1,"href":"https:\/\/eldiariodesanpedro.com.ar\/sitio\/wp-json\/wp\/v2\/posts\/18544\/revisions"}],"predecessor-version":[{"id":18545,"href":"https:\/\/eldiariodesanpedro.com.ar\/sitio\/wp-json\/wp\/v2\/posts\/18544\/revisions\/18545"}],"wp:featuredmedia":[{"embeddable":true,"href":"https:\/\/eldiariodesanpedro.com.ar\/sitio\/wp-json\/wp\/v2\/media\/5796"}],"wp:attachment":[{"href":"https:\/\/eldiariodesanpedro.com.ar\/sitio\/wp-json\/wp\/v2\/media?parent=18544"}],"wp:term":[{"taxonomy":"category","embeddable":true,"href":"https:\/\/eldiariodesanpedro.com.ar\/sitio\/wp-json\/wp\/v2\/categories?post=18544"},{"taxonomy":"post_tag","embeddable":true,"href":"https:\/\/eldiariodesanpedro.com.ar\/sitio\/wp-json\/wp\/v2\/tags?post=18544"}],"curies":[{"name":"wp","href":"https:\/\/api.w.org\/{rel}","templated":true}]}}