{"id":18541,"date":"2017-05-14T18:07:33","date_gmt":"2017-05-14T21:07:33","guid":{"rendered":"https:\/\/eldiariodesanpedro.com.ar\/sitio\/?p=18541"},"modified":"2017-05-14T18:07:33","modified_gmt":"2017-05-14T21:07:33","slug":"renuncio-el-secretario-de-seguridad-la-oposicion-pide-interpelar-al-intendente-de-zarate","status":"publish","type":"post","link":"https:\/\/eldiariodesanpedro.com.ar\/sitio\/renuncio-el-secretario-de-seguridad-la-oposicion-pide-interpelar-al-intendente-de-zarate\/","title":{"rendered":"RENUNCI\u00d3 EL SECRETARIO DE SEGURIDAD: La oposici\u00f3n pide interpelar al Intendente de Z\u00e1rate"},"content":{"rendered":"<p><!-- VideographyWP Plugin Message: Automatic video embedding prevented by plugin options. --><br \/>\nEn la Sesi\u00f3n Ordinaria de la semana pasada, en el Honorable Concejo Deliberante, el bloque de Cambiemos hizo efectivo un pedido de interpelaci\u00f3n para el Intendente Osvaldo C\u00e1ffaro y a su ex Secretario de Seguridad, Claudio Borrelli.<\/p>\n<p>El pedido fue apoyada por concejales del Frente Renovador y del  PJ-FPV. El fin del petitorio es que respondan qu\u00e9 pas\u00f3 con las partidas enviadas desde la Provincia para el \u00e1rea de seguridad y por qu\u00e9 no se han colocado las c\u00e1maras nuevas.<\/p>\n<p>Ahora, la sesi\u00f3n est\u00e1 en cuarto intermedio y el expediente debe ser revisado por la Comisi\u00f3n de Seguridad. La potencial interpelaci\u00f3n ser\u00eda el pr\u00f3ximo 22 de mayo. (Z\u00e1rate Alerta)<\/p>\n","protected":false},"excerpt":{"rendered":"<p>En la Sesi\u00f3n Ordinaria de la semana pasada, en el Honorable Concejo Deliberante, el bloque de Cambiemos hizo efectivo un pedido de interpelaci\u00f3n para el Intendente Osvaldo C\u00e1ffaro y a su ex Secretario de Seguridad, Claudio Borrelli. El pedido fue apoyada por concejales del Frente Renovador y del PJ-FPV. El fin del petitorio es que [&hellip;]<\/p>\n","protected":false},"author":4,"featured_media":18542,"comment_status":"open","ping_status":"closed","sticky":false,"template":"","format":"standard","meta":{"om_disable_all_campaigns":false,"_jetpack_memberships_contains_paid_content":false,"footnotes":""},"categories":[621],"tags":[],"class_list":["post-18541","post","type-post","status-publish","format-standard","has-post-thumbnail","hentry","category-regionales"],"aioseo_notices":[],"gutentor_comment":0,"jetpack_featured_media_url":"https:\/\/eldiariodesanpedro.com.ar\/sitio\/wp-content\/uploads\/2017\/05\/caffaro-y-borrelli.jpg","jetpack_shortlink":"https:\/\/wp.me\/p6RhLt-4P3","jetpack_sharing_enabled":true,"_links":{"self":[{"href":"https:\/\/eldiariodesanpedro.com.ar\/sitio\/wp-json\/wp\/v2\/posts\/18541","targetHints":{"allow":["GET"]}}],"collection":[{"href":"https:\/\/eldiariodesanpedro.com.ar\/sitio\/wp-json\/wp\/v2\/posts"}],"about":[{"href":"https:\/\/eldiariodesanpedro.com.ar\/sitio\/wp-json\/wp\/v2\/types\/post"}],"author":[{"embeddable":true,"href":"https:\/\/eldiariodesanpedro.com.ar\/sitio\/wp-json\/wp\/v2\/users\/4"}],"replies":[{"embeddable":true,"href":"https:\/\/eldiariodesanpedro.com.ar\/sitio\/wp-json\/wp\/v2\/comments?post=18541"}],"version-history":[{"count":1,"href":"https:\/\/eldiariodesanpedro.com.ar\/sitio\/wp-json\/wp\/v2\/posts\/18541\/revisions"}],"predecessor-version":[{"id":18543,"href":"https:\/\/eldiariodesanpedro.com.ar\/sitio\/wp-json\/wp\/v2\/posts\/18541\/revisions\/18543"}],"wp:featuredmedia":[{"embeddable":true,"href":"https:\/\/eldiariodesanpedro.com.ar\/sitio\/wp-json\/wp\/v2\/media\/18542"}],"wp:attachment":[{"href":"https:\/\/eldiariodesanpedro.com.ar\/sitio\/wp-json\/wp\/v2\/media?parent=18541"}],"wp:term":[{"taxonomy":"category","embeddable":true,"href":"https:\/\/eldiariodesanpedro.com.ar\/sitio\/wp-json\/wp\/v2\/categories?post=18541"},{"taxonomy":"post_tag","embeddable":true,"href":"https:\/\/eldiariodesanpedro.com.ar\/sitio\/wp-json\/wp\/v2\/tags?post=18541"}],"curies":[{"name":"wp","href":"https:\/\/api.w.org\/{rel}","templated":true}]}}