{"id":18538,"date":"2017-05-14T18:03:12","date_gmt":"2017-05-14T21:03:12","guid":{"rendered":"https:\/\/eldiariodesanpedro.com.ar\/sitio\/?p=18538"},"modified":"2017-05-14T18:03:12","modified_gmt":"2017-05-14T21:03:12","slug":"campana-drogas-ilicitas-zarate-campana-allano-dos-viviendas-y-secuestro-droga-y-armas","status":"publish","type":"post","link":"https:\/\/eldiariodesanpedro.com.ar\/sitio\/campana-drogas-ilicitas-zarate-campana-allano-dos-viviendas-y-secuestro-droga-y-armas\/","title":{"rendered":"CAMPANA: Drogas Il\u00edcitas Z\u00e1rate \u2013 Campana allan\u00f3 dos viviendas y secuestr\u00f3 droga y armas"},"content":{"rendered":"<p><!-- VideographyWP Plugin Message: Automatic video embedding prevented by plugin options. --><br \/>\nLa Delegaci\u00f3n de Drogas Il\u00edcitas y Crimen Organizado de Zarate-Campana, realiz\u00f3 este jueves dos allanamientos en Campana, precisamente en barrio San Cayetano y Santa Luc\u00eda, en donde se procedi\u00f3 a la aprehensi\u00f3n de dos personas, una mujer y un hombre mayores de edad, ambos de nacionalidad paraguaya, y un menor.<\/p>\n<p>En estos lugares se incaut\u00f3 34 envoltorios de marihuana, un trozo compacto de marihuana y seis plantines de marihuana, 73 envoltorios de coca\u00edna, una bolsa conteniendo sustancia de corte de coca\u00edna, una escopeta calibre 16, cuatro tel\u00e9fonos celulares, $7077 en efectivo, recortes de nylon, documentaci\u00f3n y anotaciones de inter\u00e9s.<\/p>\n<p>El procedimiento se hizo con colaboraci\u00f3n de Comisar\u00eda Campana y Polic\u00eda Local. (Enlace Cr\u00edtico)<\/p>\n","protected":false},"excerpt":{"rendered":"<p>La Delegaci\u00f3n de Drogas Il\u00edcitas y Crimen Organizado de Zarate-Campana, realiz\u00f3 este jueves dos allanamientos en Campana, precisamente en barrio San Cayetano y Santa Luc\u00eda, en donde se procedi\u00f3 a la aprehensi\u00f3n de dos personas, una mujer y un hombre mayores de edad, ambos de nacionalidad paraguaya, y un menor. En estos lugares se incaut\u00f3 [&hellip;]<\/p>\n","protected":false},"author":4,"featured_media":18539,"comment_status":"open","ping_status":"closed","sticky":false,"template":"","format":"standard","meta":{"om_disable_all_campaigns":false,"_jetpack_memberships_contains_paid_content":false,"footnotes":""},"categories":[621],"tags":[],"class_list":["post-18538","post","type-post","status-publish","format-standard","has-post-thumbnail","hentry","category-regionales"],"aioseo_notices":[],"gutentor_comment":0,"jetpack_featured_media_url":"https:\/\/eldiariodesanpedro.com.ar\/sitio\/wp-content\/uploads\/2017\/05\/Campana-allan\u00f3-dos-viviendas-y-secuestr\u00f3-droga-y-armas.jpg","jetpack_shortlink":"https:\/\/wp.me\/p6RhLt-4P0","jetpack_sharing_enabled":true,"_links":{"self":[{"href":"https:\/\/eldiariodesanpedro.com.ar\/sitio\/wp-json\/wp\/v2\/posts\/18538","targetHints":{"allow":["GET"]}}],"collection":[{"href":"https:\/\/eldiariodesanpedro.com.ar\/sitio\/wp-json\/wp\/v2\/posts"}],"about":[{"href":"https:\/\/eldiariodesanpedro.com.ar\/sitio\/wp-json\/wp\/v2\/types\/post"}],"author":[{"embeddable":true,"href":"https:\/\/eldiariodesanpedro.com.ar\/sitio\/wp-json\/wp\/v2\/users\/4"}],"replies":[{"embeddable":true,"href":"https:\/\/eldiariodesanpedro.com.ar\/sitio\/wp-json\/wp\/v2\/comments?post=18538"}],"version-history":[{"count":1,"href":"https:\/\/eldiariodesanpedro.com.ar\/sitio\/wp-json\/wp\/v2\/posts\/18538\/revisions"}],"predecessor-version":[{"id":18540,"href":"https:\/\/eldiariodesanpedro.com.ar\/sitio\/wp-json\/wp\/v2\/posts\/18538\/revisions\/18540"}],"wp:featuredmedia":[{"embeddable":true,"href":"https:\/\/eldiariodesanpedro.com.ar\/sitio\/wp-json\/wp\/v2\/media\/18539"}],"wp:attachment":[{"href":"https:\/\/eldiariodesanpedro.com.ar\/sitio\/wp-json\/wp\/v2\/media?parent=18538"}],"wp:term":[{"taxonomy":"category","embeddable":true,"href":"https:\/\/eldiariodesanpedro.com.ar\/sitio\/wp-json\/wp\/v2\/categories?post=18538"},{"taxonomy":"post_tag","embeddable":true,"href":"https:\/\/eldiariodesanpedro.com.ar\/sitio\/wp-json\/wp\/v2\/tags?post=18538"}],"curies":[{"name":"wp","href":"https:\/\/api.w.org\/{rel}","templated":true}]}}