{"id":18535,"date":"2017-05-14T17:57:08","date_gmt":"2017-05-14T20:57:08","guid":{"rendered":"https:\/\/eldiariodesanpedro.com.ar\/sitio\/?p=18535"},"modified":"2017-05-14T17:57:08","modified_gmt":"2017-05-14T20:57:08","slug":"arrecifes-gaston-deza-en-20-anos-de-vialidad-nunca-vi-tantas-obras-juntas","status":"publish","type":"post","link":"https:\/\/eldiariodesanpedro.com.ar\/sitio\/arrecifes-gaston-deza-en-20-anos-de-vialidad-nunca-vi-tantas-obras-juntas\/","title":{"rendered":"ARRECIFES: Gast\u00f3n Deza: \u201cEn 20 a\u00f1os de Vialidad, nunca vi tantas obras juntas\u201d"},"content":{"rendered":"<p><!-- VideographyWP Plugin Message: Automatic video embedding prevented by plugin options. --><br \/>\nEl gerente de la Zona I de Vialidad Provincial, con sede en Arrecifes, confirm\u00f3 que comenz\u00f3 la obra de recuperaci\u00f3n de la ruta 51 entre Ramallo y Carmen de Areco, trabajando en cinco tramos simult\u00e1neamente.<\/p>\n<p>Deza cont\u00f3 que \u201cla Provincia licit\u00f3 la reparaci\u00f3n de esa ruta en cinco secciones que fueron adjudicados a cinco empresas diferentes: tres de ruta 9 a ruta 8 y dos de ruta 8 a ruta 7, por eso se est\u00e1 trabajando simult\u00e1neamente en todo el trayecto\u201d.<\/p>\n<p>\u201cPara nosotros es una gran alegr\u00eda porque hace muchos a\u00f1os venimos reclamando por el mal estado de las rutas que unen a Arrecifes con ciudades vecinas. La 191 a Salto ya est\u00e1 lista, ahora se trabaja en la 51 y s\u00f3lo nos faltar\u00eda la 191 a San Pedro, a la que le estamos haciendo mantenimiento y se concretar\u00eda en 2018. En estos momentos, en toda la Zona 1 tenemos diez obras en simult\u00e1neo. En 20 a\u00f1os en Vialidad Provincia, nunca vi tantas obras juntas; est\u00e1 claro que en este sentido algo ha cambiado\u201d, manifest\u00f3 el funcionario arrecife\u00f1o.<\/p>\n<p>Volviendo a los trabajos en ruta 51, agreg\u00f3 que se colocar\u00e1 un asfalto modificado, un material m\u00e1s moderno y de mayor duraci\u00f3n, y que ser\u00e1n pavimentadas tambi\u00e9n las banquinas. (Arrecifes Noticias)<\/p>\n","protected":false},"excerpt":{"rendered":"<p>El gerente de la Zona I de Vialidad Provincial, con sede en Arrecifes, confirm\u00f3 que comenz\u00f3 la obra de recuperaci\u00f3n de la ruta 51 entre Ramallo y Carmen de Areco, trabajando en cinco tramos simult\u00e1neamente. Deza cont\u00f3 que \u201cla Provincia licit\u00f3 la reparaci\u00f3n de esa ruta en cinco secciones que fueron adjudicados a cinco empresas [&hellip;]<\/p>\n","protected":false},"author":4,"featured_media":18536,"comment_status":"open","ping_status":"closed","sticky":false,"template":"","format":"standard","meta":{"om_disable_all_campaigns":false,"_jetpack_memberships_contains_paid_content":false,"footnotes":""},"categories":[621],"tags":[],"class_list":["post-18535","post","type-post","status-publish","format-standard","has-post-thumbnail","hentry","category-regionales"],"aioseo_notices":[],"gutentor_comment":0,"jetpack_featured_media_url":"https:\/\/eldiariodesanpedro.com.ar\/sitio\/wp-content\/uploads\/2017\/05\/Deza-confirm\u00f3-que-comenz\u00f3-la-obra-de-recuperaci\u00f3n-de-la-ruta-51-entre-Ramallo-y-Carmen-de-Areco.jpg","jetpack_shortlink":"https:\/\/wp.me\/p6RhLt-4OX","jetpack_sharing_enabled":true,"_links":{"self":[{"href":"https:\/\/eldiariodesanpedro.com.ar\/sitio\/wp-json\/wp\/v2\/posts\/18535","targetHints":{"allow":["GET"]}}],"collection":[{"href":"https:\/\/eldiariodesanpedro.com.ar\/sitio\/wp-json\/wp\/v2\/posts"}],"about":[{"href":"https:\/\/eldiariodesanpedro.com.ar\/sitio\/wp-json\/wp\/v2\/types\/post"}],"author":[{"embeddable":true,"href":"https:\/\/eldiariodesanpedro.com.ar\/sitio\/wp-json\/wp\/v2\/users\/4"}],"replies":[{"embeddable":true,"href":"https:\/\/eldiariodesanpedro.com.ar\/sitio\/wp-json\/wp\/v2\/comments?post=18535"}],"version-history":[{"count":1,"href":"https:\/\/eldiariodesanpedro.com.ar\/sitio\/wp-json\/wp\/v2\/posts\/18535\/revisions"}],"predecessor-version":[{"id":18537,"href":"https:\/\/eldiariodesanpedro.com.ar\/sitio\/wp-json\/wp\/v2\/posts\/18535\/revisions\/18537"}],"wp:featuredmedia":[{"embeddable":true,"href":"https:\/\/eldiariodesanpedro.com.ar\/sitio\/wp-json\/wp\/v2\/media\/18536"}],"wp:attachment":[{"href":"https:\/\/eldiariodesanpedro.com.ar\/sitio\/wp-json\/wp\/v2\/media?parent=18535"}],"wp:term":[{"taxonomy":"category","embeddable":true,"href":"https:\/\/eldiariodesanpedro.com.ar\/sitio\/wp-json\/wp\/v2\/categories?post=18535"},{"taxonomy":"post_tag","embeddable":true,"href":"https:\/\/eldiariodesanpedro.com.ar\/sitio\/wp-json\/wp\/v2\/tags?post=18535"}],"curies":[{"name":"wp","href":"https:\/\/api.w.org\/{rel}","templated":true}]}}