{"id":18530,"date":"2017-05-14T17:50:53","date_gmt":"2017-05-14T20:50:53","guid":{"rendered":"https:\/\/eldiariodesanpedro.com.ar\/sitio\/?p=18530"},"modified":"2017-05-14T17:50:53","modified_gmt":"2017-05-14T20:50:53","slug":"visita-de-funcionarios-del-ministerio-del-interior-de-la-nacion","status":"publish","type":"post","link":"https:\/\/eldiariodesanpedro.com.ar\/sitio\/visita-de-funcionarios-del-ministerio-del-interior-de-la-nacion\/","title":{"rendered":"Visita de funcionarios del Ministerio del Interior de la Naci\u00f3n"},"content":{"rendered":"<p><!-- VideographyWP Plugin Message: Automatic video embedding prevented by plugin options. --><br \/>\nEste jueves el se\u00f1or intendente municipal Cecilio Salazar recibi\u00f3 la visita de Alberto Nazer Coordinador de Regi\u00f3n de la Provincia de Buenos Aires de la Subsecretaria de H\u00e1bitat del Ministerio del Interior de la Naci\u00f3n, quien junto al equipo de obras de nuestra ciudad recorri\u00f3 la evoluci\u00f3n de las obras que se est\u00e1n desarrollando en San Pedro, entre ellas las de los Barrios Obreo y Depietri. En su visita inform\u00f3 sobre los avances del expediente del Barrio Depietri y su urbanizaci\u00f3n que comprende Barrio Futuro, Barrio Arcor y Depietri. <\/p>\n<p>Desde el municipio informaron que el \u00abcompleto proyecto comprende la pavimentaci\u00f3n de las calles de los barrios mencionados; agua corriente; cloacas; luminarias; veredas; con la construcci\u00f3n de dos espacios verdes para la recreaci\u00f3n de los vecinos de la zona\u00bb.<\/p>\n<p>En tanto que Nazer \u00abfelicit\u00f3 al equipo de gobierno que acompa\u00f1a al se\u00f1or intendente Cecilio Salazar por su empuje y compromiso con la gesti\u00f3n que se llevan adelante\u00bb, seg\u00fan expresa La informaci\u00f3n oficial.<\/p>\n","protected":false},"excerpt":{"rendered":"<p>Este jueves el se\u00f1or intendente municipal Cecilio Salazar recibi\u00f3 la visita de Alberto Nazer Coordinador de Regi\u00f3n de la Provincia de Buenos Aires de la Subsecretaria de H\u00e1bitat del Ministerio del Interior de la Naci\u00f3n, quien junto al equipo de obras de nuestra ciudad recorri\u00f3 la evoluci\u00f3n de las obras que se est\u00e1n desarrollando en [&hellip;]<\/p>\n","protected":false},"author":4,"featured_media":6357,"comment_status":"open","ping_status":"closed","sticky":false,"template":"","format":"standard","meta":{"om_disable_all_campaigns":false,"_jetpack_memberships_contains_paid_content":false,"footnotes":""},"categories":[2,102],"tags":[],"class_list":["post-18530","post","type-post","status-publish","format-standard","has-post-thumbnail","hentry","category-locales","category-politica-locales"],"aioseo_notices":[],"gutentor_comment":0,"jetpack_featured_media_url":"https:\/\/eldiariodesanpedro.com.ar\/sitio\/wp-content\/uploads\/2016\/07\/salazar.jpg","jetpack_shortlink":"https:\/\/wp.me\/p6RhLt-4OS","jetpack_sharing_enabled":true,"_links":{"self":[{"href":"https:\/\/eldiariodesanpedro.com.ar\/sitio\/wp-json\/wp\/v2\/posts\/18530","targetHints":{"allow":["GET"]}}],"collection":[{"href":"https:\/\/eldiariodesanpedro.com.ar\/sitio\/wp-json\/wp\/v2\/posts"}],"about":[{"href":"https:\/\/eldiariodesanpedro.com.ar\/sitio\/wp-json\/wp\/v2\/types\/post"}],"author":[{"embeddable":true,"href":"https:\/\/eldiariodesanpedro.com.ar\/sitio\/wp-json\/wp\/v2\/users\/4"}],"replies":[{"embeddable":true,"href":"https:\/\/eldiariodesanpedro.com.ar\/sitio\/wp-json\/wp\/v2\/comments?post=18530"}],"version-history":[{"count":1,"href":"https:\/\/eldiariodesanpedro.com.ar\/sitio\/wp-json\/wp\/v2\/posts\/18530\/revisions"}],"predecessor-version":[{"id":18533,"href":"https:\/\/eldiariodesanpedro.com.ar\/sitio\/wp-json\/wp\/v2\/posts\/18530\/revisions\/18533"}],"wp:featuredmedia":[{"embeddable":true,"href":"https:\/\/eldiariodesanpedro.com.ar\/sitio\/wp-json\/wp\/v2\/media\/6357"}],"wp:attachment":[{"href":"https:\/\/eldiariodesanpedro.com.ar\/sitio\/wp-json\/wp\/v2\/media?parent=18530"}],"wp:term":[{"taxonomy":"category","embeddable":true,"href":"https:\/\/eldiariodesanpedro.com.ar\/sitio\/wp-json\/wp\/v2\/categories?post=18530"},{"taxonomy":"post_tag","embeddable":true,"href":"https:\/\/eldiariodesanpedro.com.ar\/sitio\/wp-json\/wp\/v2\/tags?post=18530"}],"curies":[{"name":"wp","href":"https:\/\/api.w.org\/{rel}","templated":true}]}}