{"id":18528,"date":"2017-05-14T17:50:12","date_gmt":"2017-05-14T20:50:12","guid":{"rendered":"https:\/\/eldiariodesanpedro.com.ar\/sitio\/?p=18528"},"modified":"2017-05-14T17:50:12","modified_gmt":"2017-05-14T20:50:12","slug":"salazar-participo-en-pergamino-de-un-encuentro-con-el-subsecretario-de-vivienda-y-desarrollo-urbano-de-la-nacion-ivan-kerr","status":"publish","type":"post","link":"https:\/\/eldiariodesanpedro.com.ar\/sitio\/salazar-participo-en-pergamino-de-un-encuentro-con-el-subsecretario-de-vivienda-y-desarrollo-urbano-de-la-nacion-ivan-kerr\/","title":{"rendered":"Salazar particip\u00f3 en Pergamino de un encuentro con el Subsecretario de Vivienda y Desarrollo Urbano de la Naci\u00f3n Ivan Kerr"},"content":{"rendered":"<p><!-- VideographyWP Plugin Message: Automatic video embedding prevented by plugin options. --><br \/>\nEl intendente Cecilio Salazar y siete intendentes m\u00e1s de Cambiemos pertenecientes a la segunda secci\u00f3n electoral se reunieron en la ciudad de Pergamino con el Subsecretario de Vivienda y Desarrollo Urbano de la Naci\u00f3n Ivan Kerr. Juntos dialogaron sobre la posibilidad de gestionar un plan de viviendas para nuestra ciudad, una de las demandas de nuestros vecinos a diario y un sue\u00f1o que est\u00e1 cada d\u00eda m\u00e1s cerca.<\/p>\n<p>Participaron de esta importante reuni\u00f3n los intendentes de Pergamino Javier Martinez; de Baradero Fernanda Antonijevich; de Arrecifes Javier Olaeta; de Rojas Claudio Rosi; de San Nicol\u00e1s Manuel Passaglia; de Exaltaci\u00f3n de la Cruz Adri\u00e1n S\u00e1nchez; de Carmen de Areco Marcelo Skansi y el Senador Provincial Marcelo Pacifico.<\/p>\n<p>En ese sentido, el funcionario nacional dijo: \u00abAprovechamos para  charlar mucho y, por un pedido del presidente Mauricio Macri, vamos a trabajar juntos para aquellos que tienen esta necesidad b\u00e1sica insatisfecha de tener su vivienda propia puedan canalizarla a trav\u00e9s de los sistemas que va trabajando el Ministerio\u201d, se\u00f1al\u00f3 el Intendente cuando los funcionarios nacionales arribaron a nuestra ciudad.<\/p>\n<p>Por su parte, el presidente de Procrear detall\u00f3: \u201cVamos a ver como vienen los desarrollos de las viviendas y de los lotes con los servicios que tenemos ac\u00e1 en Pergamino. La idea es trabajar con todos los intendentes de la segunda secci\u00f3n, para ponernos al d\u00eda sobre los proyectos que tienen, sobre esta necesidad tan grande que tienen todos los argentinos de alcanzar el sue\u00f1o de la casa propia. El Presidente nos ha pedido que demos continuidad a este programa del Procrear, ahora ya, en la \u00f3rbita del Ministerio del Interior a cargo de Rogelio Frigerio era una pol\u00edtica habitacional y ocurr\u00eda por un lugar que no ten\u00eda la funci\u00f3n de generar acceso a la vivienda\u201d.<\/p>\n<p>\u201cLo que hemos hecho es segmentar los diferentes programas o soluciones que aporta el Estado y tratar de que la vivienda social, aquella que construye el Estado con sus propios fondos vaya a los sectores m\u00e1s bajos de la poblaci\u00f3n o los m\u00e1s vulnerables que son justamente los que m\u00e1s necesidad de vivienda tienen. Y por el otro lado generemos un mercado genuino de acceso al cr\u00e9dito hipotecario, que hace a\u00f1os que la Argentina no tiene para  poder ayudar a eso otro sector medio tambi\u00e9n como es en el caso de Procrear, con subsidio por parte del Estado para que tambi\u00e9n puedan alcanzar el sue\u00f1o de la casa propia\u201d, agreg\u00f3 Kerr.<\/p>\n<p>Cabe destacar que en el transcurso de esta semana se seleccionaron 40.000 personas que habitan la Argentina para que puedan acceder al cr\u00e9dito hipotecario.<\/p>\n","protected":false},"excerpt":{"rendered":"<p>El intendente Cecilio Salazar y siete intendentes m\u00e1s de Cambiemos pertenecientes a la segunda secci\u00f3n electoral se reunieron en la ciudad de Pergamino con el Subsecretario de Vivienda y Desarrollo Urbano de la Naci\u00f3n Ivan Kerr. Juntos dialogaron sobre la posibilidad de gestionar un plan de viviendas para nuestra ciudad, una de las demandas de [&hellip;]<\/p>\n","protected":false},"author":4,"featured_media":18529,"comment_status":"open","ping_status":"closed","sticky":false,"template":"","format":"standard","meta":{"om_disable_all_campaigns":false,"_jetpack_memberships_contains_paid_content":false,"footnotes":""},"categories":[2,102],"tags":[],"class_list":["post-18528","post","type-post","status-publish","format-standard","has-post-thumbnail","hentry","category-locales","category-politica-locales"],"aioseo_notices":[],"gutentor_comment":0,"jetpack_featured_media_url":"https:\/\/eldiariodesanpedro.com.ar\/sitio\/wp-content\/uploads\/2017\/05\/Salazar-particip\u00f3-en-Pergamino-de-un-encuentro-con-el-Subsecretario-de-Vivienda-y-Desarrollo-Urbano-de-la-Naci\u00f3n-Ivan-Kerr.jpg","jetpack_shortlink":"https:\/\/wp.me\/p6RhLt-4OQ","jetpack_sharing_enabled":true,"_links":{"self":[{"href":"https:\/\/eldiariodesanpedro.com.ar\/sitio\/wp-json\/wp\/v2\/posts\/18528","targetHints":{"allow":["GET"]}}],"collection":[{"href":"https:\/\/eldiariodesanpedro.com.ar\/sitio\/wp-json\/wp\/v2\/posts"}],"about":[{"href":"https:\/\/eldiariodesanpedro.com.ar\/sitio\/wp-json\/wp\/v2\/types\/post"}],"author":[{"embeddable":true,"href":"https:\/\/eldiariodesanpedro.com.ar\/sitio\/wp-json\/wp\/v2\/users\/4"}],"replies":[{"embeddable":true,"href":"https:\/\/eldiariodesanpedro.com.ar\/sitio\/wp-json\/wp\/v2\/comments?post=18528"}],"version-history":[{"count":1,"href":"https:\/\/eldiariodesanpedro.com.ar\/sitio\/wp-json\/wp\/v2\/posts\/18528\/revisions"}],"predecessor-version":[{"id":18531,"href":"https:\/\/eldiariodesanpedro.com.ar\/sitio\/wp-json\/wp\/v2\/posts\/18528\/revisions\/18531"}],"wp:featuredmedia":[{"embeddable":true,"href":"https:\/\/eldiariodesanpedro.com.ar\/sitio\/wp-json\/wp\/v2\/media\/18529"}],"wp:attachment":[{"href":"https:\/\/eldiariodesanpedro.com.ar\/sitio\/wp-json\/wp\/v2\/media?parent=18528"}],"wp:term":[{"taxonomy":"category","embeddable":true,"href":"https:\/\/eldiariodesanpedro.com.ar\/sitio\/wp-json\/wp\/v2\/categories?post=18528"},{"taxonomy":"post_tag","embeddable":true,"href":"https:\/\/eldiariodesanpedro.com.ar\/sitio\/wp-json\/wp\/v2\/tags?post=18528"}],"curies":[{"name":"wp","href":"https:\/\/api.w.org\/{rel}","templated":true}]}}