{"id":18525,"date":"2017-05-14T17:47:12","date_gmt":"2017-05-14T20:47:12","guid":{"rendered":"https:\/\/eldiariodesanpedro.com.ar\/sitio\/?p=18525"},"modified":"2017-05-14T17:47:12","modified_gmt":"2017-05-14T20:47:12","slug":"denuncia-de-abuso-sexual-en-santa-lucia-padres-y-familiares-realizaron-una-manifestacion","status":"publish","type":"post","link":"https:\/\/eldiariodesanpedro.com.ar\/sitio\/denuncia-de-abuso-sexual-en-santa-lucia-padres-y-familiares-realizaron-una-manifestacion\/","title":{"rendered":"Denuncia de abuso sexual en Santa Luc\u00eda: Padres y familiares realizaron una manifestaci\u00f3n"},"content":{"rendered":"<p><!-- VideographyWP Plugin Message: Automatic video embedding prevented by plugin options. --><br \/>\nUn grupo de vecinos, en su mayor\u00eda padres de alumnos, se convocaron en forma espont\u00e1nea en la Plaza San Mart\u00edn, para exigir a la Justicia la detenci\u00f3n del profesor de m\u00fasica acusado de abusar sexualmente de varios ni\u00f1os que asisten al jard\u00edn de de infantes del Instituto Margarita O\u2019Farrell de Maguirre.<\/p>\n<p>Cerca de 50 personas se nuclearon pac\u00edficamente frente a la delegaci\u00f3n y estuvieron acompa\u00f1ados de las autoridades municipales, el delegado Abel Burgu\u00e9s y tambi\u00e9n por Carlos Su\u00e1rez.<\/p>\n<p>Confirmaron que en los proximos d\u00edas unos 8 menores ser\u00e1n citados para participar de La C\u00e1mara Gesell.<\/p>\n<p>Los crudos testimonios vertidos en el lugar por parte de los progenitores de los ni\u00f1os, aseguran que se desarrollaron dentro del aulas juegos con canciones que ten\u00edan connotaci\u00f3n sexual y permit\u00eda al sujeto investigado concretar los aberrantes hechos. \u201cNo le vamos a aflojar hasta que el est\u00e9 preso\u201d dijo uno de los participantes.<\/p>\n<p>Cabe recordar que La Fiscal\u00eda requiri\u00f3 la detenci\u00f3n del sujeto pero el Juzgado de Garant\u00edas a cargo de la Dra. Maiztegui no hizo lugar, entendiendo que las pruebas no eran suficientes. Se espera que los peritajes realizados por psic\u00f3logos permitan establecer elementos que aporten a la causa y que permitan esclarecer lo sucedido.<\/p>\n<p>Uno de los padres confirm\u00f3: \u201cEsto se daba en clases, mientras el daba m\u00fasica aparentemente quedaba a solo con las criaturas. Las maestras dicen que nunca qued\u00f3 solo pero esas son todas mentiras\u201d.<\/p>\n<p>\u201c\u00c9l lo que hac\u00eda es prepararlos para tratar de abusar de ellos\u201d. \u201cLes hac\u00eda cantar unas canciones, a la vez los amenazaba que nos nos contaran a nosotros\u201d. La m\u00fasica conten\u00eda \u201cpalabras como tocarse, tocarlo a \u00e9l\u201d, asever\u00f3.<\/p>\n<p>\u201cYo me enter\u00e9 hoy que saltan algunas denuncias viejas de otros casos m\u00e1s que han radicado en San Pedro\u201d, dijo a su vez.<\/p>\n<p>\u201cLo que m\u00e1s importancia te da es que este tipo est\u00e1 en la casa como si  nada, se caga de risa de nosotros  y nosotros no vamos a aflojar hasta que no est\u00e9 preso\u201d.<\/p>\n<p>Por su parte una mam\u00e1 brind\u00f3 detalles de c\u00f3mo afect\u00f3 la situaci\u00f3n a su hija: \u201cEn mi caso, mi nena ya desde el a\u00f1o pasado que no quiso ir m\u00e1s al jard\u00edn. Yo ignorante de todo lo que estaba pasando la obligaba a ir, lleg\u00e1bamos a la puerta y ella lloraba que no quer\u00eda entrar, yo entraba con ella, me quedaba una hora, dos horas y me retiraba. Llegaba a mi casa la maestra me llamaba porque ella dec\u00eda que le dol\u00eda la panza o algo para que yo la fuera a buscar\u201d.<\/p>\n<p>Y continu\u00f3: \u201cNunca me dijo nada hasta que esta semana pas\u00f3 que gracias a otra mam\u00e1 que lleg\u00f3 a casa comentando, la nena me cuenta lo que estaba pasando: que el profesor era malo y que le hac\u00eda cosas que no ten\u00eda que hacerle\u201d.<\/p>\n<p>\u201cHoy al mediod\u00eda me pregunt\u00f3 si est\u00e1bamos haciendo algo para que ese profesor malo (como la menor lo llama) estuviera preso\u201d, manifest\u00f3.<\/p>\n<p>\u201cNo quiere tener contacto con nadie, ni conmigo porque ten\u00eda miedo que la lastime como lo hizo el profesor malo\u201d, sostuvo luego.<\/p>\n<p>En tanto que aseguraron que hay m\u00e1s casos pero que no participan porque \u201ctapan todo para no ensuciar el apellido\u201d. \u201cSe cagan en los hijo s de ellos y en los nuestros\u201d dijo uno de los participantes en el lugar. \u201cNi la directora ni las maestras vinieron a dar la cara\u201d. dijo.<\/p>\n<p>\u201cHay m\u00e1s de 20 nenes que cantan estas canciones con estos juegos que hac\u00eda \u00e9l\u201d relat\u00f3 una de madres en el lugar y otro acot\u00f3: \u201cSon la vivorita, el bomberito, haciendo posiciones sexuales\u201d.<\/p>\n<p>Otra dijo: \u201cLos hac\u00eda juntar nena con nena  o nene con nene y se negaban a hacerlo los samarreaba, le pegaba y los sentaba en una esquina\u201d y los amenazaba que si le contaba a los pap\u00e1s, les iba a pegar mas fuerte o matar, que fue las palabras del nene de 4 a\u00f1os\u201d.<\/p>\n<p>Por otro lado, hay quienes aseguran que los hechos que involucran a esta persona, sindicada en Santa Luc\u00eda como el autor de abuso masivo en el jard\u00edn, ser\u00eda a\u00fan m\u00e1s compleja.<\/p>\n<p>En las \u00faltimas horas se ha conocido que la Fiscal\u00eda del Dr. Manso, investiga otros hechos similares ocurridos en un establecimiento educativo de nuestra ciudad.<\/p>\n<p>Los padres que se congregaron ayer a la noche en la Plaza San Mart\u00edn, aseguraron \u201cno parece lo que es\u201d que es una persona amable pero que \u201coculta\u201d otras facetas.<\/p>\n<p>\u201cSe lo podes preguntar a la gente del pueblo, en plena madrugada, 3 o 4 de la ma\u00f1ana andaba en la bicicleta persiguiendo chicos\u201d y \u201clo hab\u00edan apodado el \u00c1ngel de la Bicicleta\u201d.<\/p>\n<p>En ese sentido, aseguraron: \u201cLes ofrec\u00eda plata, bebidas, cigarrillos a menores con tal de estar aunque sea 5 minutos con \u00e9l\u201d.<\/p>\n<p>\u201cSi esto se investiga a fondo este tipo no tiene que salir mas de adentro\u201d, dijo una de las personas en el lugar.<\/p>\n","protected":false},"excerpt":{"rendered":"<p>Un grupo de vecinos, en su mayor\u00eda padres de alumnos, se convocaron en forma espont\u00e1nea en la Plaza San Mart\u00edn, para exigir a la Justicia la detenci\u00f3n del profesor de m\u00fasica acusado de abusar sexualmente de varios ni\u00f1os que asisten al jard\u00edn de de infantes del Instituto Margarita O\u2019Farrell de Maguirre. Cerca de 50 personas [&hellip;]<\/p>\n","protected":false},"author":4,"featured_media":18526,"comment_status":"open","ping_status":"closed","sticky":false,"template":"","format":"standard","meta":{"om_disable_all_campaigns":false,"_jetpack_memberships_contains_paid_content":false,"footnotes":""},"categories":[50,2,103],"tags":[],"class_list":["post-18525","post","type-post","status-publish","format-standard","has-post-thumbnail","hentry","category-destacadas","category-locales","category-policiales-locales"],"aioseo_notices":[],"gutentor_comment":0,"jetpack_featured_media_url":"https:\/\/eldiariodesanpedro.com.ar\/sitio\/wp-content\/uploads\/2017\/05\/Denuncia-de-abuso-sexual-en-Santa-Luc\u00eda-Padres-y-familiares-realizaron-una-manifestaci\u00f3n.jpg","jetpack_shortlink":"https:\/\/wp.me\/p6RhLt-4ON","jetpack_sharing_enabled":true,"_links":{"self":[{"href":"https:\/\/eldiariodesanpedro.com.ar\/sitio\/wp-json\/wp\/v2\/posts\/18525","targetHints":{"allow":["GET"]}}],"collection":[{"href":"https:\/\/eldiariodesanpedro.com.ar\/sitio\/wp-json\/wp\/v2\/posts"}],"about":[{"href":"https:\/\/eldiariodesanpedro.com.ar\/sitio\/wp-json\/wp\/v2\/types\/post"}],"author":[{"embeddable":true,"href":"https:\/\/eldiariodesanpedro.com.ar\/sitio\/wp-json\/wp\/v2\/users\/4"}],"replies":[{"embeddable":true,"href":"https:\/\/eldiariodesanpedro.com.ar\/sitio\/wp-json\/wp\/v2\/comments?post=18525"}],"version-history":[{"count":1,"href":"https:\/\/eldiariodesanpedro.com.ar\/sitio\/wp-json\/wp\/v2\/posts\/18525\/revisions"}],"predecessor-version":[{"id":18527,"href":"https:\/\/eldiariodesanpedro.com.ar\/sitio\/wp-json\/wp\/v2\/posts\/18525\/revisions\/18527"}],"wp:featuredmedia":[{"embeddable":true,"href":"https:\/\/eldiariodesanpedro.com.ar\/sitio\/wp-json\/wp\/v2\/media\/18526"}],"wp:attachment":[{"href":"https:\/\/eldiariodesanpedro.com.ar\/sitio\/wp-json\/wp\/v2\/media?parent=18525"}],"wp:term":[{"taxonomy":"category","embeddable":true,"href":"https:\/\/eldiariodesanpedro.com.ar\/sitio\/wp-json\/wp\/v2\/categories?post=18525"},{"taxonomy":"post_tag","embeddable":true,"href":"https:\/\/eldiariodesanpedro.com.ar\/sitio\/wp-json\/wp\/v2\/tags?post=18525"}],"curies":[{"name":"wp","href":"https:\/\/api.w.org\/{rel}","templated":true}]}}