{"id":18510,"date":"2017-05-12T20:29:55","date_gmt":"2017-05-12T23:29:55","guid":{"rendered":"https:\/\/eldiariodesanpedro.com.ar\/sitio\/?p=18510"},"modified":"2026-01-24T00:26:14","modified_gmt":"2026-01-24T03:26:14","slug":"copa-amistad-manana-las-revanchas-en-pescadores","status":"publish","type":"post","link":"https:\/\/eldiariodesanpedro.com.ar\/sitio\/copa-amistad-manana-las-revanchas-en-pescadores\/","title":{"rendered":"COPA AMISTAD: Ma\u00f1ana las revanchas en Pescadores"},"content":{"rendered":"<p><!-- VideographyWP Plugin Message: Automatic video embedding prevented by plugin options. --><br \/>\n  Las revanchas de la Copa Amistad de los campeones 2016 del f\u00fatbol interno de Pescadores y N\u00e1utico San Pedro se disputan este s\u00e1bado en las renovadas canchas del club.<\/p>\n<p><strong>Programa<\/strong><br \/>\n15.00 hs. \u2013 El Topo y La Balacera vs. Los Plagones<br \/>\n16.00 hs. \u2013 Pelito FC vs. Jos\u00e9 No Atiende<br \/>\n17.00 hs. \u2013 El Fort\u00edn vs. LMQ<\/p>\n","protected":false},"excerpt":{"rendered":"<p>Las revanchas de la Copa Amistad de los campeones 2016 del f\u00fatbol interno de Pescadores y N\u00e1utico San Pedro se disputan este s\u00e1bado en las renovadas canchas del club. Programa 15.00 hs. \u2013 El Topo y La Balacera vs. Los Plagones 16.00 hs. \u2013 Pelito FC vs. Jos\u00e9 No Atiende 17.00 hs. \u2013 El Fort\u00edn [&hellip;]<\/p>\n","protected":false},"author":4,"featured_media":12943,"comment_status":"open","ping_status":"closed","sticky":false,"template":"","format":"standard","meta":{"om_disable_all_campaigns":false,"_jetpack_memberships_contains_paid_content":false,"footnotes":""},"categories":[5],"tags":[],"class_list":["post-18510","post","type-post","status-publish","format-standard","has-post-thumbnail","hentry","category-deportes"],"aioseo_notices":[],"gutentor_comment":0,"jetpack_featured_media_url":"https:\/\/eldiariodesanpedro.com.ar\/sitio\/wp-content\/uploads\/2017\/01\/futbol.jpg","jetpack_shortlink":"https:\/\/wp.me\/p6RhLt-4Oy","jetpack_sharing_enabled":true,"_links":{"self":[{"href":"https:\/\/eldiariodesanpedro.com.ar\/sitio\/wp-json\/wp\/v2\/posts\/18510","targetHints":{"allow":["GET"]}}],"collection":[{"href":"https:\/\/eldiariodesanpedro.com.ar\/sitio\/wp-json\/wp\/v2\/posts"}],"about":[{"href":"https:\/\/eldiariodesanpedro.com.ar\/sitio\/wp-json\/wp\/v2\/types\/post"}],"author":[{"embeddable":true,"href":"https:\/\/eldiariodesanpedro.com.ar\/sitio\/wp-json\/wp\/v2\/users\/4"}],"replies":[{"embeddable":true,"href":"https:\/\/eldiariodesanpedro.com.ar\/sitio\/wp-json\/wp\/v2\/comments?post=18510"}],"version-history":[{"count":1,"href":"https:\/\/eldiariodesanpedro.com.ar\/sitio\/wp-json\/wp\/v2\/posts\/18510\/revisions"}],"predecessor-version":[{"id":18511,"href":"https:\/\/eldiariodesanpedro.com.ar\/sitio\/wp-json\/wp\/v2\/posts\/18510\/revisions\/18511"}],"wp:featuredmedia":[{"embeddable":true,"href":"https:\/\/eldiariodesanpedro.com.ar\/sitio\/wp-json\/wp\/v2\/media\/12943"}],"wp:attachment":[{"href":"https:\/\/eldiariodesanpedro.com.ar\/sitio\/wp-json\/wp\/v2\/media?parent=18510"}],"wp:term":[{"taxonomy":"category","embeddable":true,"href":"https:\/\/eldiariodesanpedro.com.ar\/sitio\/wp-json\/wp\/v2\/categories?post=18510"},{"taxonomy":"post_tag","embeddable":true,"href":"https:\/\/eldiariodesanpedro.com.ar\/sitio\/wp-json\/wp\/v2\/tags?post=18510"}],"curies":[{"name":"wp","href":"https:\/\/api.w.org\/{rel}","templated":true}]}}