{"id":18502,"date":"2017-05-12T20:20:17","date_gmt":"2017-05-12T23:20:17","guid":{"rendered":"https:\/\/eldiariodesanpedro.com.ar\/sitio\/?p=18502"},"modified":"2026-01-24T00:26:15","modified_gmt":"2026-01-24T03:26:15","slug":"federal-c-adip-ante-atletico-se-juega-el-domingo-a-las-15-horas","status":"publish","type":"post","link":"https:\/\/eldiariodesanpedro.com.ar\/sitio\/federal-c-adip-ante-atletico-se-juega-el-domingo-a-las-15-horas\/","title":{"rendered":"FEDERAL \u201cC\u201d: ADIP ante Atl\u00e9tico se juega el domingo a las 15 horas"},"content":{"rendered":"<p><!-- VideographyWP Plugin Message: Automatic video embedding prevented by plugin options. --><br \/>\n  El Consejo Federal dio a conocer las designaciones del fin de semana de los Torneos Federal \u00abA\u00bb y \u00abC\u00bb, siendo el juez principal de la definici\u00f3n por uno de los ascensos al Federal \u201cB\u201d en La Plata, entre ADIP de Gonnet y Atl\u00e9tico (ida lo gan\u00f3 el de Baradero 2 a 1), el colegiado de Pehuaj\u00f3 Alejandro Berruti, siendo los asistentes Dar\u00edo Carinci y Carlos Crespin.  <\/p>\n","protected":false},"excerpt":{"rendered":"<p>El Consejo Federal dio a conocer las designaciones del fin de semana de los Torneos Federal \u00abA\u00bb y \u00abC\u00bb, siendo el juez principal de la definici\u00f3n por uno de los ascensos al Federal \u201cB\u201d en La Plata, entre ADIP de Gonnet y Atl\u00e9tico (ida lo gan\u00f3 el de Baradero 2 a 1), el colegiado de [&hellip;]<\/p>\n","protected":false},"author":4,"featured_media":9187,"comment_status":"open","ping_status":"closed","sticky":false,"template":"","format":"standard","meta":{"om_disable_all_campaigns":false,"_jetpack_memberships_contains_paid_content":false,"footnotes":""},"categories":[5],"tags":[],"class_list":["post-18502","post","type-post","status-publish","format-standard","has-post-thumbnail","hentry","category-deportes"],"aioseo_notices":[],"gutentor_comment":0,"jetpack_featured_media_url":"https:\/\/eldiariodesanpedro.com.ar\/sitio\/wp-content\/uploads\/2016\/10\/cesped-pelota-futbol.jpg","jetpack_shortlink":"https:\/\/wp.me\/p6RhLt-4Oq","jetpack_sharing_enabled":true,"_links":{"self":[{"href":"https:\/\/eldiariodesanpedro.com.ar\/sitio\/wp-json\/wp\/v2\/posts\/18502","targetHints":{"allow":["GET"]}}],"collection":[{"href":"https:\/\/eldiariodesanpedro.com.ar\/sitio\/wp-json\/wp\/v2\/posts"}],"about":[{"href":"https:\/\/eldiariodesanpedro.com.ar\/sitio\/wp-json\/wp\/v2\/types\/post"}],"author":[{"embeddable":true,"href":"https:\/\/eldiariodesanpedro.com.ar\/sitio\/wp-json\/wp\/v2\/users\/4"}],"replies":[{"embeddable":true,"href":"https:\/\/eldiariodesanpedro.com.ar\/sitio\/wp-json\/wp\/v2\/comments?post=18502"}],"version-history":[{"count":1,"href":"https:\/\/eldiariodesanpedro.com.ar\/sitio\/wp-json\/wp\/v2\/posts\/18502\/revisions"}],"predecessor-version":[{"id":18504,"href":"https:\/\/eldiariodesanpedro.com.ar\/sitio\/wp-json\/wp\/v2\/posts\/18502\/revisions\/18504"}],"wp:featuredmedia":[{"embeddable":true,"href":"https:\/\/eldiariodesanpedro.com.ar\/sitio\/wp-json\/wp\/v2\/media\/9187"}],"wp:attachment":[{"href":"https:\/\/eldiariodesanpedro.com.ar\/sitio\/wp-json\/wp\/v2\/media?parent=18502"}],"wp:term":[{"taxonomy":"category","embeddable":true,"href":"https:\/\/eldiariodesanpedro.com.ar\/sitio\/wp-json\/wp\/v2\/categories?post=18502"},{"taxonomy":"post_tag","embeddable":true,"href":"https:\/\/eldiariodesanpedro.com.ar\/sitio\/wp-json\/wp\/v2\/tags?post=18502"}],"curies":[{"name":"wp","href":"https:\/\/api.w.org\/{rel}","templated":true}]}}