{"id":18498,"date":"2017-05-12T20:14:30","date_gmt":"2017-05-12T23:14:30","guid":{"rendered":"https:\/\/eldiariodesanpedro.com.ar\/sitio\/?p=18498"},"modified":"2017-05-12T20:14:30","modified_gmt":"2017-05-12T23:14:30","slug":"patricia-bullrich-visitara-san-pedro-este-lunes","status":"publish","type":"post","link":"https:\/\/eldiariodesanpedro.com.ar\/sitio\/patricia-bullrich-visitara-san-pedro-este-lunes\/","title":{"rendered":"Patricia Bullrich visitar\u00e1 San Pedro este lunes"},"content":{"rendered":"<p><!-- VideographyWP Plugin Message: Automatic video embedding prevented by plugin options. --><br \/>\n\u201cEl Diario de San Pedro\u201d realiz\u00f3 una entrevista al Secretario General de la Segunda Secci\u00f3n Electoral de \u201cUni\u00f3n por la Libertad\u201d, Diego Lafalce.<\/p>\n<p>  \u201cUni\u00f3n por la Libertad\u201d es un partido pol\u00edtico que tiene jerarqu\u00eda nacional y provincial. Y se encuentra dentro de Cambiemos. La m\u00e1xima l\u00edder del partido es la Ministro \u201cestrella\u201d del Naci\u00f3n, la Dra. Patricia Bullrich. As\u00ed, nos contaba el Secretario.<br \/>\n  Ya hace m\u00e1s de una d\u00e9cada que, el partido que comenz\u00f3 como Uni\u00f3n por todos, es \u201cUni\u00f3n por Libertad\u201d. Partido que viene creciendo de una manera importante a nivel nacional. Y hoy, le toca a este equipo de San Pedro, ser el que lo representa en la Segunda Secci\u00f3n Electoral dentro de la Junta de Gobierno Provincial.<\/p>\n<p>_ <strong>\u00bfCu\u00e1ntos son dentro de este equipo de San Pedro? Y, \u00bfC\u00f3mo trabajan? \u00bfHay j\u00f3venes trabajando con ustedes?<\/strong><\/p>\n<p>  En San Pedro tenemos una Junta de Gobierno cuyo Presidente es Alejandro S\u00e1nchez. Es una Junta conformada por 18 miembros en total.<br \/>\n  El trabajo que realizamos es de desarrollo territorial, hacemos consultas, vamos por los barrios. Trabajamos permanentemente en lo social.<\/p>\n<p>  Tenemos un equipo importante de j\u00f3venes. Juan Llanos es el Secretario de J\u00f3venes, quien comparte tambi\u00e9n las funciones con la Secretar\u00eda de Log\u00edstica.<br \/>\n  J\u00f3venes que se van preparando para el futuro, ellos ser\u00e1n las pr\u00f3ximas generaciones que llevar\u00e1n adelante el proceso transicional del pa\u00eds.<\/p>\n<p>_ <strong>\u00bfD\u00f3nde pueden ir los ciudadanos que se quieran unir, o conocerlos m\u00e1s?<\/strong><\/p>\n<p>  Nuestra sede base est\u00e1 situada en Las Provincias y Boulevard Moreno. All\u00ed tenemos la cabecera de la Segunda Secci\u00f3n Electoral, o sea que, desde San Pedro trabajamos para toda la regi\u00f3n, los 15 municipios. Estamos todos los d\u00edas de 17 a 22 hs.<\/p>\n<p>_ <strong>El lunes tienen una actividad importante, contanos.<\/strong><\/p>\n<p>  El lunes tendremos la posibilidad hist\u00f3rica de recibir la visita de la Ministro de Seguridad de la Naci\u00f3n la Dra.Patricia Bullrich.<br \/>\n  Llegar\u00e1 a San Pedro a las 17 hs. donde har\u00e1 una recorrida oficial visitando a nuestro Intendente Cecilio Salazar por el Palacio municipal. Y, adem\u00e1s, inauguraremos nuestro espacio, donde ser\u00e1n oradores la Ministro y el Licenciado Luis Green, actual Secretario de Frontera, quien est\u00e1 realizando un trabajo important\u00edsimo en la frontera con los radares, la interceptaci\u00f3n de vuelos no oficiales entre otras cosas. Adem\u00e1s, nos acompa\u00f1ar\u00e1 la Diputada Paula Urroz en representaci\u00f3n del Congreso, y m\u00e1s personalidades de la pol\u00edtica a nivel nacional y provincial.<\/p>\n<p>_ <strong>\u00bfComentanos sobre los proyectos que est\u00e1n realizando u organizando?<\/strong><\/p>\n<p>  Estamos actualmente con un Proyecto de Salud P\u00fablica, referido a las enfermedades inmuno-prevenibles. Hay un equipo de salud trabajando en esto y con proyectos a futuro para lograr una inmunizaci\u00f3n general en ni\u00f1os y adultos, as\u00ed como tambi\u00e9n adolescentes.<br \/>\n  Y, ya hace unos a\u00f1os atr\u00e1s, enviamos al Ministerio de Salud de la PBA, un trabajo para que se realice en San Pedro una escuela estatal de enfermer\u00eda.<br \/>\n  En la actualidad, adem\u00e1s, estamos trabajando en un proyecto de seguridad, que ya m\u00e1s delante detallaremos, que est\u00e1 destinado al bien com\u00fan.<\/p>\n<p>  De esta manera, culminaba la entrevista. Agradecemos su presencia en nuestra redacci\u00f3n.<\/p>\n","protected":false},"excerpt":{"rendered":"<p>\u201cEl Diario de San Pedro\u201d realiz\u00f3 una entrevista al Secretario General de la Segunda Secci\u00f3n Electoral de \u201cUni\u00f3n por la Libertad\u201d, Diego Lafalce. \u201cUni\u00f3n por la Libertad\u201d es un partido pol\u00edtico que tiene jerarqu\u00eda nacional y provincial. Y se encuentra dentro de Cambiemos. La m\u00e1xima l\u00edder del partido es la Ministro \u201cestrella\u201d del Naci\u00f3n, la [&hellip;]<\/p>\n","protected":false},"author":4,"featured_media":18499,"comment_status":"open","ping_status":"closed","sticky":false,"template":"","format":"standard","meta":{"om_disable_all_campaigns":false,"_jetpack_memberships_contains_paid_content":false,"footnotes":""},"categories":[2,102],"tags":[],"class_list":["post-18498","post","type-post","status-publish","format-standard","has-post-thumbnail","hentry","category-locales","category-politica-locales"],"aioseo_notices":[],"gutentor_comment":0,"jetpack_featured_media_url":"https:\/\/eldiariodesanpedro.com.ar\/sitio\/wp-content\/uploads\/2017\/05\/El-nuevo-local-situada-en-Las-Provincias-y-Boulevard-Moreno.jpeg","jetpack_shortlink":"https:\/\/wp.me\/p6RhLt-4Om","jetpack_sharing_enabled":true,"_links":{"self":[{"href":"https:\/\/eldiariodesanpedro.com.ar\/sitio\/wp-json\/wp\/v2\/posts\/18498","targetHints":{"allow":["GET"]}}],"collection":[{"href":"https:\/\/eldiariodesanpedro.com.ar\/sitio\/wp-json\/wp\/v2\/posts"}],"about":[{"href":"https:\/\/eldiariodesanpedro.com.ar\/sitio\/wp-json\/wp\/v2\/types\/post"}],"author":[{"embeddable":true,"href":"https:\/\/eldiariodesanpedro.com.ar\/sitio\/wp-json\/wp\/v2\/users\/4"}],"replies":[{"embeddable":true,"href":"https:\/\/eldiariodesanpedro.com.ar\/sitio\/wp-json\/wp\/v2\/comments?post=18498"}],"version-history":[{"count":2,"href":"https:\/\/eldiariodesanpedro.com.ar\/sitio\/wp-json\/wp\/v2\/posts\/18498\/revisions"}],"predecessor-version":[{"id":18501,"href":"https:\/\/eldiariodesanpedro.com.ar\/sitio\/wp-json\/wp\/v2\/posts\/18498\/revisions\/18501"}],"wp:featuredmedia":[{"embeddable":true,"href":"https:\/\/eldiariodesanpedro.com.ar\/sitio\/wp-json\/wp\/v2\/media\/18499"}],"wp:attachment":[{"href":"https:\/\/eldiariodesanpedro.com.ar\/sitio\/wp-json\/wp\/v2\/media?parent=18498"}],"wp:term":[{"taxonomy":"category","embeddable":true,"href":"https:\/\/eldiariodesanpedro.com.ar\/sitio\/wp-json\/wp\/v2\/categories?post=18498"},{"taxonomy":"post_tag","embeddable":true,"href":"https:\/\/eldiariodesanpedro.com.ar\/sitio\/wp-json\/wp\/v2\/tags?post=18498"}],"curies":[{"name":"wp","href":"https:\/\/api.w.org\/{rel}","templated":true}]}}