{"id":18490,"date":"2017-05-12T18:56:01","date_gmt":"2017-05-12T21:56:01","guid":{"rendered":"https:\/\/eldiariodesanpedro.com.ar\/sitio\/?p=18490"},"modified":"2017-05-12T18:56:01","modified_gmt":"2017-05-12T21:56:01","slug":"pergamino-maniataron-a-un-menor-para-robar-70-mil-pesos-en-una-casa","status":"publish","type":"post","link":"https:\/\/eldiariodesanpedro.com.ar\/sitio\/pergamino-maniataron-a-un-menor-para-robar-70-mil-pesos-en-una-casa\/","title":{"rendered":"PERGAMINO: Maniataron a un menor para robar 70 mil pesos en una casa"},"content":{"rendered":"<p><!-- VideographyWP Plugin Message: Automatic video embedding prevented by plugin options. --><br \/>\nDos delincuentes irrumpieron encapuchados en una propiedad, redujeron al \u00fanico morador que se encontraba, un adolescente de 14 a\u00f1os, y se apoderaron de 70 mil pesos que atesoraban los padres, el martes a la noche en el barrio Villa Alicia.<\/p>\n<p>Un violento episodio delictivo sufri\u00f3 un adolescente, cuando se encontraba solo en la vivienda familiar del barrio Villa Alicia, el martes a la noche.<\/p>\n<p>A la morada de Hernandarias al 800 irrumpieron dos sujetos encapuchados tras vulnerar la cerradura.<\/p>\n<p>El episodio se registr\u00f3 a las once de la noche, seg\u00fan el relato del muchachito de 14 a\u00f1os, a quien sorprendieron en su habitaci\u00f3n dispuesto a descansar.<\/p>\n<p>Los delincuentes lo sentaron en una silla, les ataron la mano con el cable de una plancha y le cubrieron el rostro con una prenda de vestir.<\/p>\n<p>De esta manera se pusieron a revisar todas las instalaciones de la casa y al jovencito le exigieron violentamente que les se\u00f1alara el lugar donde los padres atesoraban el dinero de ahorros familiares.<\/p>\n<p>Por temor a que atentaran contra su vida la v\u00edctima les indic\u00f3 donde guardaban dinero sus padres.<\/p>\n<p>As\u00ed fue como se apoderaron de 70 mil pesos y el tel\u00e9fono celular del adolescente.<\/p>\n<p>Al lugar concurrieron efectivos policiales del Comando, de la DDI y de Polic\u00eda Cient\u00edfica para las actuaciones de la investigaci\u00f3n judicial que qued\u00f3 en manos de la fiscal Patricia Fern\u00e1ndez, titular de la UFIyJ N\u00famero 6. Fuente: (El Tiempo)<\/p>\n","protected":false},"excerpt":{"rendered":"<p>Dos delincuentes irrumpieron encapuchados en una propiedad, redujeron al \u00fanico morador que se encontraba, un adolescente de 14 a\u00f1os, y se apoderaron de 70 mil pesos que atesoraban los padres, el martes a la noche en el barrio Villa Alicia. Un violento episodio delictivo sufri\u00f3 un adolescente, cuando se encontraba solo en la vivienda familiar [&hellip;]<\/p>\n","protected":false},"author":4,"featured_media":18492,"comment_status":"open","ping_status":"closed","sticky":false,"template":"","format":"standard","meta":{"om_disable_all_campaigns":false,"_jetpack_memberships_contains_paid_content":false,"footnotes":""},"categories":[621],"tags":[],"class_list":["post-18490","post","type-post","status-publish","format-standard","has-post-thumbnail","hentry","category-regionales"],"aioseo_notices":[],"gutentor_comment":0,"jetpack_featured_media_url":"https:\/\/eldiariodesanpedro.com.ar\/sitio\/wp-content\/uploads\/2017\/05\/manos-atadas-maniatados.jpg","jetpack_shortlink":"https:\/\/wp.me\/p6RhLt-4Oe","jetpack_sharing_enabled":true,"_links":{"self":[{"href":"https:\/\/eldiariodesanpedro.com.ar\/sitio\/wp-json\/wp\/v2\/posts\/18490","targetHints":{"allow":["GET"]}}],"collection":[{"href":"https:\/\/eldiariodesanpedro.com.ar\/sitio\/wp-json\/wp\/v2\/posts"}],"about":[{"href":"https:\/\/eldiariodesanpedro.com.ar\/sitio\/wp-json\/wp\/v2\/types\/post"}],"author":[{"embeddable":true,"href":"https:\/\/eldiariodesanpedro.com.ar\/sitio\/wp-json\/wp\/v2\/users\/4"}],"replies":[{"embeddable":true,"href":"https:\/\/eldiariodesanpedro.com.ar\/sitio\/wp-json\/wp\/v2\/comments?post=18490"}],"version-history":[{"count":1,"href":"https:\/\/eldiariodesanpedro.com.ar\/sitio\/wp-json\/wp\/v2\/posts\/18490\/revisions"}],"predecessor-version":[{"id":18493,"href":"https:\/\/eldiariodesanpedro.com.ar\/sitio\/wp-json\/wp\/v2\/posts\/18490\/revisions\/18493"}],"wp:featuredmedia":[{"embeddable":true,"href":"https:\/\/eldiariodesanpedro.com.ar\/sitio\/wp-json\/wp\/v2\/media\/18492"}],"wp:attachment":[{"href":"https:\/\/eldiariodesanpedro.com.ar\/sitio\/wp-json\/wp\/v2\/media?parent=18490"}],"wp:term":[{"taxonomy":"category","embeddable":true,"href":"https:\/\/eldiariodesanpedro.com.ar\/sitio\/wp-json\/wp\/v2\/categories?post=18490"},{"taxonomy":"post_tag","embeddable":true,"href":"https:\/\/eldiariodesanpedro.com.ar\/sitio\/wp-json\/wp\/v2\/tags?post=18490"}],"curies":[{"name":"wp","href":"https:\/\/api.w.org\/{rel}","templated":true}]}}