{"id":18488,"date":"2017-05-12T18:53:28","date_gmt":"2017-05-12T21:53:28","guid":{"rendered":"https:\/\/eldiariodesanpedro.com.ar\/sitio\/?p=18488"},"modified":"2017-05-12T18:53:28","modified_gmt":"2017-05-12T21:53:28","slug":"ramallo-comenzaron-los-trabajos-de-repavimentacion-de-la-ruta-no-51","status":"publish","type":"post","link":"https:\/\/eldiariodesanpedro.com.ar\/sitio\/ramallo-comenzaron-los-trabajos-de-repavimentacion-de-la-ruta-no-51\/","title":{"rendered":"RAMALLO: Comenzaron los trabajos de repavimentaci\u00f3n de la ruta N\u00ba 51"},"content":{"rendered":"<p><!-- VideographyWP Plugin Message: Automatic video embedding prevented by plugin options. --><br \/>\nDesde hac\u00eda un par de semanas se pod\u00eda observar c\u00f3mo se iba armando el obrador de la empresa Luciano SA. en uno de los sectores de dicha ruta provincial y a principios de semana comenzaron los trabajos. El martes vendr\u00eda la gobernadora a recorrer el lugar.<\/p>\n<p>Despu\u00e9s de mucho tiempo y dudas sobre la realizaci\u00f3n de las obra, desde principios de esta semana se puede ver al personal de la empresa Luciano SA. trabajando en cercan\u00edas de la intersecci\u00f3n de la autopista con esta ruta provincial. El tramo que compete al partido de Ramallo se extiende desde ese lugar hasta el ingreso a La Violeta, se lo conoce como Secci\u00f3n 1, y la licitaci\u00f3n fue obtenido por la empresa nicole\u00f1a anteriormente nombrada, reconocida en el \u00e1mbito nacional por haber llevado adelante trabajos en rutas de diferentes lugares del pa\u00eds. <\/p>\n<p>Estas es una obra muy esperada en los partidos de Ramallo y Arrecifes, en ese tramo de ruta se han producido innumerables accidentes de tr\u00e1nsito que en algunos casos resultaron fatales, y fueron muchas las manifestaciones realizadas en ese sentido; en especial por los integrantes de la asamblea Ruta 51, que en algunos casos hasta tuvieron inconvenientes legales por actuar de esa manera.<\/p>\n<p>La inversi\u00f3n que realizar\u00e1 el gobierno provincial en este tramo de la obra estar\u00e1 alrededor de los doscientos millones de pesos, seg\u00fan se indic\u00f3 oportunamente.<\/p>\n<p>Para el pr\u00f3ximo martes se espera la presencia en el lugar de la gobernadora de la provincia de Buenos Aires, Mar\u00eda Eugenia Vidal, quien ten\u00eda previsto hacerlo antes del comienzo de los trabajos, pero cuestiones clim\u00e1ticas se lo impidieron.  (Diario El Norte)<\/p>\n","protected":false},"excerpt":{"rendered":"<p>Desde hac\u00eda un par de semanas se pod\u00eda observar c\u00f3mo se iba armando el obrador de la empresa Luciano SA. en uno de los sectores de dicha ruta provincial y a principios de semana comenzaron los trabajos. El martes vendr\u00eda la gobernadora a recorrer el lugar. Despu\u00e9s de mucho tiempo y dudas sobre la realizaci\u00f3n [&hellip;]<\/p>\n","protected":false},"author":4,"featured_media":18489,"comment_status":"open","ping_status":"closed","sticky":false,"template":"","format":"standard","meta":{"om_disable_all_campaigns":false,"_jetpack_memberships_contains_paid_content":false,"footnotes":""},"categories":[621],"tags":[],"class_list":["post-18488","post","type-post","status-publish","format-standard","has-post-thumbnail","hentry","category-regionales"],"aioseo_notices":[],"gutentor_comment":0,"jetpack_featured_media_url":"https:\/\/eldiariodesanpedro.com.ar\/sitio\/wp-content\/uploads\/2017\/05\/Los-trabajos-comprenden-el-tramo-que-se-extiende-desde-el-partido-de-Ramallo-hasta-el-ingreso-a-La-Violeta.jpg","jetpack_shortlink":"https:\/\/wp.me\/p6RhLt-4Oc","jetpack_sharing_enabled":true,"_links":{"self":[{"href":"https:\/\/eldiariodesanpedro.com.ar\/sitio\/wp-json\/wp\/v2\/posts\/18488","targetHints":{"allow":["GET"]}}],"collection":[{"href":"https:\/\/eldiariodesanpedro.com.ar\/sitio\/wp-json\/wp\/v2\/posts"}],"about":[{"href":"https:\/\/eldiariodesanpedro.com.ar\/sitio\/wp-json\/wp\/v2\/types\/post"}],"author":[{"embeddable":true,"href":"https:\/\/eldiariodesanpedro.com.ar\/sitio\/wp-json\/wp\/v2\/users\/4"}],"replies":[{"embeddable":true,"href":"https:\/\/eldiariodesanpedro.com.ar\/sitio\/wp-json\/wp\/v2\/comments?post=18488"}],"version-history":[{"count":1,"href":"https:\/\/eldiariodesanpedro.com.ar\/sitio\/wp-json\/wp\/v2\/posts\/18488\/revisions"}],"predecessor-version":[{"id":18491,"href":"https:\/\/eldiariodesanpedro.com.ar\/sitio\/wp-json\/wp\/v2\/posts\/18488\/revisions\/18491"}],"wp:featuredmedia":[{"embeddable":true,"href":"https:\/\/eldiariodesanpedro.com.ar\/sitio\/wp-json\/wp\/v2\/media\/18489"}],"wp:attachment":[{"href":"https:\/\/eldiariodesanpedro.com.ar\/sitio\/wp-json\/wp\/v2\/media?parent=18488"}],"wp:term":[{"taxonomy":"category","embeddable":true,"href":"https:\/\/eldiariodesanpedro.com.ar\/sitio\/wp-json\/wp\/v2\/categories?post=18488"},{"taxonomy":"post_tag","embeddable":true,"href":"https:\/\/eldiariodesanpedro.com.ar\/sitio\/wp-json\/wp\/v2\/tags?post=18488"}],"curies":[{"name":"wp","href":"https:\/\/api.w.org\/{rel}","templated":true}]}}