{"id":18483,"date":"2017-05-12T18:44:15","date_gmt":"2017-05-12T21:44:15","guid":{"rendered":"https:\/\/eldiariodesanpedro.com.ar\/sitio\/?p=18483"},"modified":"2017-05-12T18:44:15","modified_gmt":"2017-05-12T21:44:15","slug":"no-me-gusta-cuando-callas-en-agrupacion-mallorca","status":"publish","type":"post","link":"https:\/\/eldiariodesanpedro.com.ar\/sitio\/no-me-gusta-cuando-callas-en-agrupacion-mallorca\/","title":{"rendered":"\u00abNo me gusta cuando callas\u00bb en Agrupaci\u00f3n Mallorca"},"content":{"rendered":"<p><!-- VideographyWP Plugin Message: Automatic video embedding prevented by plugin options. --><br \/>\nLa agrupaci\u00f3n feminista Libres de Miedo invita al evento que incluir\u00e1 la presentaci\u00f3n de un libro de la escritora sampedrina Luciana Baca, la lectura de poes\u00eda por parte de poetas de San Pedro, Baradero y la ciudad de Buenos Aires, adem\u00e1s de la exposici\u00f3n de fotograf\u00eda de Piera Agazzi, y m\u00fasica en vivo.<\/p>\n<p>En el evento convocado para el s\u00e1bado 13 a las 18.00 presentar\u00e1n sus poes\u00edas Delfina Ferrari, Lola Fern\u00e1ndez, Tania Ocampos, Virginia Reynaldo Alegre, Juli Patrenostre, Mar\u00eda Florencia Aguilar, Paulina Oviedo, Marina Banegas y Laura<br \/>\nGonz\u00e1lez. Adem\u00e1s, desde Buenos Aires, llegar\u00e1n las poetisas Carolina Lesta, Virginia Janza y Gabriela Borrelli. <\/p>\n<p>La exposici\u00f3n de fotos estar\u00e1 a cargo de Piera Agazzi, con im\u00e1genes relacionadas a la problem\u00e1tica de las violencias de g\u00e9nero. <\/p>\n<p>El evento contar\u00e1 adem\u00e1s con m\u00fasica en vivo con la actuaci\u00f3n de Carolina Rom\u00e1n, y el cierre a cargo de \u00abJuanito, el cantor\u00bb, que llega desde Buenos Aires con su guitarra y un pu\u00f1ado de canciones artesanales. <\/p>\n<p>Est\u00e1 prevista adem\u00e1s la proyecci\u00f3n de cortos y videos alusivos a las actividades de Libres de Miedo, y la vida y obra de poetas y mujeres destacadas de nuestro pa\u00eds y los territorios vecinos. <\/p>\n<p>\u00abNo me gusta cuando callas\u00bb tendr\u00e1 lugar en la sede de la Agrupaci\u00f3n Mallorca, en Av. Espa\u00f1a 575, con ENTRADA LIBRE Y GRATUITA. Habr\u00e1 servicio de cantina para comer y tomar algo con amigxs o en familia en mesas y sillas dispuestas para disfrutar la velada. <\/p>\n","protected":false},"excerpt":{"rendered":"<p>La agrupaci\u00f3n feminista Libres de Miedo invita al evento que incluir\u00e1 la presentaci\u00f3n de un libro de la escritora sampedrina Luciana Baca, la lectura de poes\u00eda por parte de poetas de San Pedro, Baradero y la ciudad de Buenos Aires, adem\u00e1s de la exposici\u00f3n de fotograf\u00eda de Piera Agazzi, y m\u00fasica en vivo. En el [&hellip;]<\/p>\n","protected":false},"author":4,"featured_media":18484,"comment_status":"open","ping_status":"closed","sticky":false,"template":"","format":"standard","meta":{"om_disable_all_campaigns":false,"_jetpack_memberships_contains_paid_content":false,"footnotes":""},"categories":[101,2],"tags":[],"class_list":["post-18483","post","type-post","status-publish","format-standard","has-post-thumbnail","hentry","category-interes-general-locales","category-locales"],"aioseo_notices":[],"gutentor_comment":0,"jetpack_featured_media_url":"https:\/\/eldiariodesanpedro.com.ar\/sitio\/wp-content\/uploads\/2017\/05\/libres_de_miedo.jpg","jetpack_shortlink":"https:\/\/wp.me\/p6RhLt-4O7","jetpack_sharing_enabled":true,"_links":{"self":[{"href":"https:\/\/eldiariodesanpedro.com.ar\/sitio\/wp-json\/wp\/v2\/posts\/18483","targetHints":{"allow":["GET"]}}],"collection":[{"href":"https:\/\/eldiariodesanpedro.com.ar\/sitio\/wp-json\/wp\/v2\/posts"}],"about":[{"href":"https:\/\/eldiariodesanpedro.com.ar\/sitio\/wp-json\/wp\/v2\/types\/post"}],"author":[{"embeddable":true,"href":"https:\/\/eldiariodesanpedro.com.ar\/sitio\/wp-json\/wp\/v2\/users\/4"}],"replies":[{"embeddable":true,"href":"https:\/\/eldiariodesanpedro.com.ar\/sitio\/wp-json\/wp\/v2\/comments?post=18483"}],"version-history":[{"count":1,"href":"https:\/\/eldiariodesanpedro.com.ar\/sitio\/wp-json\/wp\/v2\/posts\/18483\/revisions"}],"predecessor-version":[{"id":18486,"href":"https:\/\/eldiariodesanpedro.com.ar\/sitio\/wp-json\/wp\/v2\/posts\/18483\/revisions\/18486"}],"wp:featuredmedia":[{"embeddable":true,"href":"https:\/\/eldiariodesanpedro.com.ar\/sitio\/wp-json\/wp\/v2\/media\/18484"}],"wp:attachment":[{"href":"https:\/\/eldiariodesanpedro.com.ar\/sitio\/wp-json\/wp\/v2\/media?parent=18483"}],"wp:term":[{"taxonomy":"category","embeddable":true,"href":"https:\/\/eldiariodesanpedro.com.ar\/sitio\/wp-json\/wp\/v2\/categories?post=18483"},{"taxonomy":"post_tag","embeddable":true,"href":"https:\/\/eldiariodesanpedro.com.ar\/sitio\/wp-json\/wp\/v2\/tags?post=18483"}],"curies":[{"name":"wp","href":"https:\/\/api.w.org\/{rel}","templated":true}]}}