{"id":18479,"date":"2017-05-12T18:38:18","date_gmt":"2017-05-12T21:38:18","guid":{"rendered":"https:\/\/eldiariodesanpedro.com.ar\/sitio\/?p=18479"},"modified":"2017-05-12T18:38:18","modified_gmt":"2017-05-12T21:38:18","slug":"comienza-le-programa-de-vacunacion-antirrabica-y-desparasitacion-gratuita","status":"publish","type":"post","link":"https:\/\/eldiariodesanpedro.com.ar\/sitio\/comienza-le-programa-de-vacunacion-antirrabica-y-desparasitacion-gratuita\/","title":{"rendered":"Comienza le programa de vacunaci\u00f3n antirr\u00e1bica y desparasitaci\u00f3n gratuita"},"content":{"rendered":"<p><!-- VideographyWP Plugin Message: Automatic video embedding prevented by plugin options. --><br \/>\nLa municipalidad de San Pedro informa que a partir del 16 de mayo comenzar\u00e1 con un nuevo cronograma de vacunaci\u00f3n antirr\u00e1bica. Es importante tener en cuenta que los caninos y felinos deben ser mayores a 3 meses; los perros deben ser transportados con collar y correa mientras que los gatos en jaula, bolsa respirable y\/o mochila.  Las hembras no deben estar pre\u00f1adas o en periodo de lactancia. Un adulto responsable debe acompa\u00f1ar a los animales.<\/p>\n<p><strong>CRONOGRAMA <\/strong><br \/>\n(9.00 a 12.30)<br \/>\n16\/5 SANTA LUC\u00cdA \u2013 PLAZA SAN MART\u00cdN.<br \/>\n18\/5 VUELTA DE OBLIGADO \u2013 PLAZA SANTIAGO MOREIRA<br \/>\n23\/05 GOBERNADOR CASTRO \u2013 PLAZA SAN MARTIN<br \/>\n30\/05 R\u00cdO TALA \u2013 PLAZA JUAN ZUCCHI<br \/>\n01\/06 SAN PEDRO \u2013 PLAZA BELGRANO<\/p>\n","protected":false},"excerpt":{"rendered":"<p>La municipalidad de San Pedro informa que a partir del 16 de mayo comenzar\u00e1 con un nuevo cronograma de vacunaci\u00f3n antirr\u00e1bica. Es importante tener en cuenta que los caninos y felinos deben ser mayores a 3 meses; los perros deben ser transportados con collar y correa mientras que los gatos en jaula, bolsa respirable y\/o [&hellip;]<\/p>\n","protected":false},"author":4,"featured_media":18481,"comment_status":"open","ping_status":"closed","sticky":false,"template":"","format":"standard","meta":{"om_disable_all_campaigns":false,"_jetpack_memberships_contains_paid_content":false,"footnotes":""},"categories":[101,2],"tags":[],"class_list":["post-18479","post","type-post","status-publish","format-standard","has-post-thumbnail","hentry","category-interes-general-locales","category-locales"],"aioseo_notices":[],"gutentor_comment":0,"jetpack_featured_media_url":"https:\/\/eldiariodesanpedro.com.ar\/sitio\/wp-content\/uploads\/2017\/05\/antirrabica.jpeg","jetpack_shortlink":"https:\/\/wp.me\/p6RhLt-4O3","jetpack_sharing_enabled":true,"_links":{"self":[{"href":"https:\/\/eldiariodesanpedro.com.ar\/sitio\/wp-json\/wp\/v2\/posts\/18479","targetHints":{"allow":["GET"]}}],"collection":[{"href":"https:\/\/eldiariodesanpedro.com.ar\/sitio\/wp-json\/wp\/v2\/posts"}],"about":[{"href":"https:\/\/eldiariodesanpedro.com.ar\/sitio\/wp-json\/wp\/v2\/types\/post"}],"author":[{"embeddable":true,"href":"https:\/\/eldiariodesanpedro.com.ar\/sitio\/wp-json\/wp\/v2\/users\/4"}],"replies":[{"embeddable":true,"href":"https:\/\/eldiariodesanpedro.com.ar\/sitio\/wp-json\/wp\/v2\/comments?post=18479"}],"version-history":[{"count":1,"href":"https:\/\/eldiariodesanpedro.com.ar\/sitio\/wp-json\/wp\/v2\/posts\/18479\/revisions"}],"predecessor-version":[{"id":18482,"href":"https:\/\/eldiariodesanpedro.com.ar\/sitio\/wp-json\/wp\/v2\/posts\/18479\/revisions\/18482"}],"wp:featuredmedia":[{"embeddable":true,"href":"https:\/\/eldiariodesanpedro.com.ar\/sitio\/wp-json\/wp\/v2\/media\/18481"}],"wp:attachment":[{"href":"https:\/\/eldiariodesanpedro.com.ar\/sitio\/wp-json\/wp\/v2\/media?parent=18479"}],"wp:term":[{"taxonomy":"category","embeddable":true,"href":"https:\/\/eldiariodesanpedro.com.ar\/sitio\/wp-json\/wp\/v2\/categories?post=18479"},{"taxonomy":"post_tag","embeddable":true,"href":"https:\/\/eldiariodesanpedro.com.ar\/sitio\/wp-json\/wp\/v2\/tags?post=18479"}],"curies":[{"name":"wp","href":"https:\/\/api.w.org\/{rel}","templated":true}]}}