{"id":18477,"date":"2017-05-12T18:36:01","date_gmt":"2017-05-12T21:36:01","guid":{"rendered":"https:\/\/eldiariodesanpedro.com.ar\/sitio\/?p=18477"},"modified":"2017-05-12T18:36:01","modified_gmt":"2017-05-12T21:36:01","slug":"un-joven-se-suicido-en-la-zona-rural-de-rio-tala","status":"publish","type":"post","link":"https:\/\/eldiariodesanpedro.com.ar\/sitio\/un-joven-se-suicido-en-la-zona-rural-de-rio-tala\/","title":{"rendered":"Un joven se suicid\u00f3 en la zona rural de R\u00edo Tala"},"content":{"rendered":"<p><!-- VideographyWP Plugin Message: Automatic video embedding prevented by plugin options. --><br \/>\nEl doloroso hecho ocurri\u00f3 en la jornada de hoy. En horas de la tarde, la polic\u00eda debi\u00f3 tomar intervenci\u00f3n en la zona rural de R\u00edo Tala, m\u00e1s precisamente en la zona del \u201cCallej\u00f3n de Borda\u201d, donde fue hallado sin vida el joven de 17 a\u00f1os. Seg\u00fan se pudo establecer, dej\u00f3 una carta explicativa que daba cuenta de su decisi\u00f3n, a ra\u00edz que hab\u00eda perdido su madre tiempo atr\u00e1s y estaba en gran estado de angustia.<\/p>\n","protected":false},"excerpt":{"rendered":"<p>El doloroso hecho ocurri\u00f3 en la jornada de hoy. En horas de la tarde, la polic\u00eda debi\u00f3 tomar intervenci\u00f3n en la zona rural de R\u00edo Tala, m\u00e1s precisamente en la zona del \u201cCallej\u00f3n de Borda\u201d, donde fue hallado sin vida el joven de 17 a\u00f1os. Seg\u00fan se pudo establecer, dej\u00f3 una carta explicativa que daba [&hellip;]<\/p>\n","protected":false},"author":4,"featured_media":14758,"comment_status":"open","ping_status":"closed","sticky":false,"template":"","format":"standard","meta":{"om_disable_all_campaigns":false,"_jetpack_memberships_contains_paid_content":false,"footnotes":""},"categories":[2,103],"tags":[],"class_list":["post-18477","post","type-post","status-publish","format-standard","has-post-thumbnail","hentry","category-locales","category-policiales-locales"],"aioseo_notices":[],"gutentor_comment":0,"jetpack_featured_media_url":"https:\/\/eldiariodesanpedro.com.ar\/sitio\/wp-content\/uploads\/2017\/02\/camioneta-policia.jpg","jetpack_shortlink":"https:\/\/wp.me\/p6RhLt-4O1","jetpack_sharing_enabled":true,"_links":{"self":[{"href":"https:\/\/eldiariodesanpedro.com.ar\/sitio\/wp-json\/wp\/v2\/posts\/18477","targetHints":{"allow":["GET"]}}],"collection":[{"href":"https:\/\/eldiariodesanpedro.com.ar\/sitio\/wp-json\/wp\/v2\/posts"}],"about":[{"href":"https:\/\/eldiariodesanpedro.com.ar\/sitio\/wp-json\/wp\/v2\/types\/post"}],"author":[{"embeddable":true,"href":"https:\/\/eldiariodesanpedro.com.ar\/sitio\/wp-json\/wp\/v2\/users\/4"}],"replies":[{"embeddable":true,"href":"https:\/\/eldiariodesanpedro.com.ar\/sitio\/wp-json\/wp\/v2\/comments?post=18477"}],"version-history":[{"count":1,"href":"https:\/\/eldiariodesanpedro.com.ar\/sitio\/wp-json\/wp\/v2\/posts\/18477\/revisions"}],"predecessor-version":[{"id":18480,"href":"https:\/\/eldiariodesanpedro.com.ar\/sitio\/wp-json\/wp\/v2\/posts\/18477\/revisions\/18480"}],"wp:featuredmedia":[{"embeddable":true,"href":"https:\/\/eldiariodesanpedro.com.ar\/sitio\/wp-json\/wp\/v2\/media\/14758"}],"wp:attachment":[{"href":"https:\/\/eldiariodesanpedro.com.ar\/sitio\/wp-json\/wp\/v2\/media?parent=18477"}],"wp:term":[{"taxonomy":"category","embeddable":true,"href":"https:\/\/eldiariodesanpedro.com.ar\/sitio\/wp-json\/wp\/v2\/categories?post=18477"},{"taxonomy":"post_tag","embeddable":true,"href":"https:\/\/eldiariodesanpedro.com.ar\/sitio\/wp-json\/wp\/v2\/tags?post=18477"}],"curies":[{"name":"wp","href":"https:\/\/api.w.org\/{rel}","templated":true}]}}