{"id":18475,"date":"2017-05-12T18:34:37","date_gmt":"2017-05-12T21:34:37","guid":{"rendered":"https:\/\/eldiariodesanpedro.com.ar\/sitio\/?p=18475"},"modified":"2017-05-12T18:34:37","modified_gmt":"2017-05-12T21:34:37","slug":"tres-personas-murieron-en-un-accidente-en-la-ruta-9","status":"publish","type":"post","link":"https:\/\/eldiariodesanpedro.com.ar\/sitio\/tres-personas-murieron-en-un-accidente-en-la-ruta-9\/","title":{"rendered":"Tres personas murieron en un accidente en la Ruta 9"},"content":{"rendered":"<p><!-- VideographyWP Plugin Message: Automatic video embedding prevented by plugin options. --><br \/>\nEl siniestro se produjo pasadas las 12.30 en el km 172. Por causas que se tratan de establecer, un Toyota Corolla se despist\u00f3 y se sali\u00f3 de la calzada. Termin\u00f3 su trayectoria, impactando con una casilla y una m\u00e1quinaria de la empresa que est\u00e1 haciendo obras sobre la autopista.<\/p>\n<p>Tres personas, oriundas de \u201cLa Matanza\u201d, que ocupaban el auto fallecieron debido al impacto.<\/p>\n<p>Una dotaci\u00f3n del cuerpo de Bomberos Voluntarios, pertenecientes al cuartel central y del destamento de Gdor. Castro, sacaron o a las personas del rodado.<\/p>\n<p><strong>Vuelco de cami\u00f3n el d\u00eda anterior<\/strong><\/p>\n<p>En la noche del jueves, promediando las 22.30 hs., se produjo un accidente en la Ruta 9, protagonizado por un cami\u00f3n. El rodado de gran porte, por causas que se tratan de establecer, se despist\u00f3 en el km. 171,6 del carril Buenos Aires Rosario.<\/p>\n<p>El acoplado completo, cargado de cereal, qued\u00f3 cortando todo el ancho de la calzada y el tractor la banquina por lo que no se pudo pasar hasta que no arrib\u00f3 una gr\u00faa que lo pudo retirar. Esta situaci\u00f3n gener\u00f3 m\u00e1s de 6 km. de cola.<\/p>\n<p>En tanto que seg\u00fan se pudo constatar, el chofer del veh\u00edculo, no sufri\u00f3 lesiones.<\/p>\n","protected":false},"excerpt":{"rendered":"<p>El siniestro se produjo pasadas las 12.30 en el km 172. Por causas que se tratan de establecer, un Toyota Corolla se despist\u00f3 y se sali\u00f3 de la calzada. Termin\u00f3 su trayectoria, impactando con una casilla y una m\u00e1quinaria de la empresa que est\u00e1 haciendo obras sobre la autopista. Tres personas, oriundas de \u201cLa Matanza\u201d, [&hellip;]<\/p>\n","protected":false},"author":4,"featured_media":18476,"comment_status":"open","ping_status":"closed","sticky":false,"template":"","format":"standard","meta":{"om_disable_all_campaigns":false,"_jetpack_memberships_contains_paid_content":false,"footnotes":""},"categories":[50,2,103],"tags":[],"class_list":["post-18475","post","type-post","status-publish","format-standard","has-post-thumbnail","hentry","category-destacadas","category-locales","category-policiales-locales"],"aioseo_notices":[],"gutentor_comment":0,"jetpack_featured_media_url":"https:\/\/eldiariodesanpedro.com.ar\/sitio\/wp-content\/uploads\/2017\/05\/l-siniestro-que-se-produjo-ayer-en-el-Km.-172.jpg","jetpack_shortlink":"https:\/\/wp.me\/p6RhLt-4NZ","jetpack_sharing_enabled":true,"_links":{"self":[{"href":"https:\/\/eldiariodesanpedro.com.ar\/sitio\/wp-json\/wp\/v2\/posts\/18475","targetHints":{"allow":["GET"]}}],"collection":[{"href":"https:\/\/eldiariodesanpedro.com.ar\/sitio\/wp-json\/wp\/v2\/posts"}],"about":[{"href":"https:\/\/eldiariodesanpedro.com.ar\/sitio\/wp-json\/wp\/v2\/types\/post"}],"author":[{"embeddable":true,"href":"https:\/\/eldiariodesanpedro.com.ar\/sitio\/wp-json\/wp\/v2\/users\/4"}],"replies":[{"embeddable":true,"href":"https:\/\/eldiariodesanpedro.com.ar\/sitio\/wp-json\/wp\/v2\/comments?post=18475"}],"version-history":[{"count":1,"href":"https:\/\/eldiariodesanpedro.com.ar\/sitio\/wp-json\/wp\/v2\/posts\/18475\/revisions"}],"predecessor-version":[{"id":18478,"href":"https:\/\/eldiariodesanpedro.com.ar\/sitio\/wp-json\/wp\/v2\/posts\/18475\/revisions\/18478"}],"wp:featuredmedia":[{"embeddable":true,"href":"https:\/\/eldiariodesanpedro.com.ar\/sitio\/wp-json\/wp\/v2\/media\/18476"}],"wp:attachment":[{"href":"https:\/\/eldiariodesanpedro.com.ar\/sitio\/wp-json\/wp\/v2\/media?parent=18475"}],"wp:term":[{"taxonomy":"category","embeddable":true,"href":"https:\/\/eldiariodesanpedro.com.ar\/sitio\/wp-json\/wp\/v2\/categories?post=18475"},{"taxonomy":"post_tag","embeddable":true,"href":"https:\/\/eldiariodesanpedro.com.ar\/sitio\/wp-json\/wp\/v2\/tags?post=18475"}],"curies":[{"name":"wp","href":"https:\/\/api.w.org\/{rel}","templated":true}]}}