{"id":18472,"date":"2017-05-12T10:35:53","date_gmt":"2017-05-12T13:35:53","guid":{"rendered":"https:\/\/eldiariodesanpedro.com.ar\/sitio\/?p=18472"},"modified":"2017-05-12T10:35:53","modified_gmt":"2017-05-12T13:35:53","slug":"una-joven-de-21-anos-de-edad-gravemente-herida-por-la-espalda-en-el-barrio-hermano-indio","status":"publish","type":"post","link":"https:\/\/eldiariodesanpedro.com.ar\/sitio\/una-joven-de-21-anos-de-edad-gravemente-herida-por-la-espalda-en-el-barrio-hermano-indio\/","title":{"rendered":"Una joven de 21 a\u00f1os de edad gravemente herida por la espalda en el barrio Hermano Indio"},"content":{"rendered":"<p><!-- VideographyWP Plugin Message: Automatic video embedding prevented by plugin options. --><br \/>\nEn la noche de este jueves nuevamente se produjo un incidente entre vecinos del barrio Hermano Indio como continuidad de los problemas ocasionados en la ma\u00f1ana, donde resultaron heridas dos personas, una mujer de 21 a\u00f1os de edad quien al llegara  la guardia del hospital presentaba una herida de arma de fuego orificio entrada en espalda y salida por abdomen quien tuvo que ser intervenida quirurgicamente.<\/p>\n<p>En segundo lugar un hombre de 27 a\u00f1os de edad ingreso al hospital local con una herida perforarte en abdomen de caracter grave, sin compromiso con los \u00f3rganos.<\/p>\n<p>Las dos personas contin\u00faan internadas esperando su recuperaci\u00f3n, la joven en terapia intensiva y el muchacho en una sala com\u00fan.<\/p>\n<p>Esto se suma a los problemas que en la ma\u00f1ana de ayer, cerca del mediod\u00eda un enfrentamiento armado en el barrio Hermano Indio. Seg\u00fan se pudo establecer, un grupo de personas comenzaron a descerrajar tiros contra una propiedad localizada en Balcarce ente Cruz Roja y Hermano Indio. Como consecuencia de ello una persona mayor de edad, sufri\u00f3 un disparo en el pecho. Fue derivado al Hospital y las primeras informaciones indican que se encuentra en delicado estado de salud.<\/p>\n<p>Como consecuencia de ello, se secuestraron 3 armas de fabricaci\u00f3n cacera (tumberas), proyectiles calibre 22 y cartuchos escopeta percutados. Adem\u00e1s fue aprehendido un sujeto de 25 a\u00f1os, acusado de ocasionarle una grave herida a la persona de 45 a\u00f1os que ingres\u00f3 al hospital. Sobre su estado de salud se pudo establecer que el disparo se produjo en la zona tor\u00e1xica y tras da\u00f1ar uno de sus pulmones. Se trata de un paciente con riesgo de vida. Mientras que la otra persona, menor de edad, sufri\u00f3 tiro de perdigones en sus miembros inferiores.<\/p>\n","protected":false},"excerpt":{"rendered":"<p>En la noche de este jueves nuevamente se produjo un incidente entre vecinos del barrio Hermano Indio como continuidad de los problemas ocasionados en la ma\u00f1ana, donde resultaron heridas dos personas, una mujer de 21 a\u00f1os de edad quien al llegara la guardia del hospital presentaba una herida de arma de fuego orificio entrada en [&hellip;]<\/p>\n","protected":false},"author":4,"featured_media":13626,"comment_status":"open","ping_status":"closed","sticky":false,"template":"","format":"standard","meta":{"om_disable_all_campaigns":false,"_jetpack_memberships_contains_paid_content":false,"footnotes":""},"categories":[50,2,103],"tags":[],"class_list":["post-18472","post","type-post","status-publish","format-standard","has-post-thumbnail","hentry","category-destacadas","category-locales","category-policiales-locales"],"aioseo_notices":[],"gutentor_comment":0,"jetpack_featured_media_url":"https:\/\/eldiariodesanpedro.com.ar\/sitio\/wp-content\/uploads\/2017\/01\/Polic\u00eda-muerto.jpg","jetpack_shortlink":"https:\/\/wp.me\/p6RhLt-4NW","jetpack_sharing_enabled":true,"_links":{"self":[{"href":"https:\/\/eldiariodesanpedro.com.ar\/sitio\/wp-json\/wp\/v2\/posts\/18472","targetHints":{"allow":["GET"]}}],"collection":[{"href":"https:\/\/eldiariodesanpedro.com.ar\/sitio\/wp-json\/wp\/v2\/posts"}],"about":[{"href":"https:\/\/eldiariodesanpedro.com.ar\/sitio\/wp-json\/wp\/v2\/types\/post"}],"author":[{"embeddable":true,"href":"https:\/\/eldiariodesanpedro.com.ar\/sitio\/wp-json\/wp\/v2\/users\/4"}],"replies":[{"embeddable":true,"href":"https:\/\/eldiariodesanpedro.com.ar\/sitio\/wp-json\/wp\/v2\/comments?post=18472"}],"version-history":[{"count":1,"href":"https:\/\/eldiariodesanpedro.com.ar\/sitio\/wp-json\/wp\/v2\/posts\/18472\/revisions"}],"predecessor-version":[{"id":18473,"href":"https:\/\/eldiariodesanpedro.com.ar\/sitio\/wp-json\/wp\/v2\/posts\/18472\/revisions\/18473"}],"wp:featuredmedia":[{"embeddable":true,"href":"https:\/\/eldiariodesanpedro.com.ar\/sitio\/wp-json\/wp\/v2\/media\/13626"}],"wp:attachment":[{"href":"https:\/\/eldiariodesanpedro.com.ar\/sitio\/wp-json\/wp\/v2\/media?parent=18472"}],"wp:term":[{"taxonomy":"category","embeddable":true,"href":"https:\/\/eldiariodesanpedro.com.ar\/sitio\/wp-json\/wp\/v2\/categories?post=18472"},{"taxonomy":"post_tag","embeddable":true,"href":"https:\/\/eldiariodesanpedro.com.ar\/sitio\/wp-json\/wp\/v2\/tags?post=18472"}],"curies":[{"name":"wp","href":"https:\/\/api.w.org\/{rel}","templated":true}]}}