{"id":18467,"date":"2017-05-11T20:23:40","date_gmt":"2017-05-11T23:23:40","guid":{"rendered":"https:\/\/eldiariodesanpedro.com.ar\/sitio\/?p=18467"},"modified":"2026-01-24T00:26:15","modified_gmt":"2026-01-24T03:26:15","slug":"polideportivo","status":"publish","type":"post","link":"https:\/\/eldiariodesanpedro.com.ar\/sitio\/polideportivo\/","title":{"rendered":"POLIDEPORTIVO"},"content":{"rendered":"<p><!-- VideographyWP Plugin Message: Automatic video embedding prevented by plugin options. --><br \/>\n<strong>Pat\u00edn<\/strong><br \/>\n  Desde este mi\u00e9rcoles compiten en Rosario los clasificados al Campeonato Argentino de Pat\u00edn Art\u00edstico, donde deportistas de las entidades locales nos representan.  <\/p>\n<p><strong>B\u00e1squet<\/strong><br \/>\n  Este viernes la Primera de b\u00e1squet del CNSP viaja a Campana, para jugar ante Boat Club desde las 21.30 hs por el Torneo de la ABZC.<br \/>\n  El domingo las categor\u00edas formativas e inferiores visitar\u00e1n a Belgrano de Z\u00e1rate, a partir de las 10 hs.<\/p>\n<p>  Este s\u00e1bado desde las 10 horas en el gimnasio del Club Mitre completan la tira de partidos por la Liga local entre Pescadores y Mitre. Ser\u00e1 con U13, Mini y Pre Mini. El pasado lunes jugaron con U19, siendo el triunfo para el \u201crojo\u201d por 65-35. Pescadores gan\u00f3 en U15 y cay\u00f3 en U17.<\/p>\n<p><strong>Tenis<\/strong><br \/>\n  Desde este viernes 12 del corriente mes comienza a disputarse un certamen de tenis para las categor\u00edas 5ta, 4ta y 3ra. en las canchas del Club Pescadores. En N\u00e1utico, Torneo de adultos de tenis desde las 13 hs. y, si la cantidad de inscriptos lo requiere se definir\u00e1 el domingo. <\/p>\n<p>  La tenista Angela Peir\u00f3 viaja al Torneo Grado 3 de Pergamino, del 13 al 15 de Mayo.<\/p>\n<p><strong>V\u00f3ley Liga LIPROBO<\/strong><br \/>\n   El viernes se jugar\u00e1 simult\u00e1neamente en las dos canchas del N\u00e1utico, en Pescadores y otra en Am\u00e9rica. El s\u00e1bado desde las 9 hs. en N\u00e1utico, Pescadores y Am\u00e9rica y el domingo desde las 8.30 hs. en N\u00e1utico, Pescadores y el CEF.<\/p>\n<p>  En sub 13 se jugar\u00e1 todos contra todos en cuatro zonas y luego habr\u00e1 cruces del primero al octavo en cuartos de final y cruces del noveno al decimosexto para definir posiciones.<\/p>\n<p>  En sub 17 se jugar\u00e1n cuatro zonas todos contra todos con cruces del primero al octavo en cuartos de final y adem\u00e1s rondas de todos contra todos del noveno al decimosegundo y todos contra todos para definir puestos entre el decimotercero y decimos\u00e9ptimo.<\/p>\n<p>  <strong>En la categor\u00eda Sub 13 las zonas armadas son las siguientes:<\/strong><br \/>\nZona A: Defensores, La Emilia, Sirio Liban\u00e9s y Ensenada A.<br \/>\nZona B: N\u00e1utico SP, Somisa, Argentino e Independiente.<br \/>\nZona C: Baradero A, Regatas, Alianza y Ensenada B.<br \/>\nZona D: Riberas del Paran\u00e1, Baradero B, Gimnasia y Esgrima y Los Andes.<\/p>\n<p>  <strong>En Sub 17:<\/strong><br \/>\nZona A: Riberas del Paran\u00e1, Baradero, Argentino, Independiente y Ensenada.<br \/>\nZona B: N\u00e1utico SP, Central Argentino, Comunicaciones y Los Toldos.<br \/>\nZona C: Riberas del Paran\u00e1 B, La Emilia, Gimnasia y Esgrima y Rivadavia.<br \/>\nZona D: Regatas, Defensores, Sirio Liban\u00e9s y Jun\u00edn.<\/p>\n<p><strong>Maxi V\u00f3ley Am\u00e9rica:<\/strong><br \/>\n  El equipo de maxi v\u00f3ley femenino de Am\u00e9rica A, organiza este domingo un Torneo en dicha categor\u00eda. Desde las 9 hs. de la ma\u00f1ana comenzar\u00e1n los partidos en el gimnasio del Club, con la participaci\u00f3n de 8 equipos en total. <\/p>\n<p><strong>Hockey femenino AHO<\/strong><br \/>\n  El s\u00e1bado por la 5\u00b0 Fecha del Torneo de Hockey de AHO (Asociaci\u00f3n de Hockey del Oeste) N\u00e1utico recibe a Areco desde las 10.30 hs. con la participaci\u00f3n de todas las categor\u00edas. Y Los Andes viaja a Chacabuco para jugar ante Social.<\/p>\n","protected":false},"excerpt":{"rendered":"<p>Pat\u00edn Desde este mi\u00e9rcoles compiten en Rosario los clasificados al Campeonato Argentino de Pat\u00edn Art\u00edstico, donde deportistas de las entidades locales nos representan. B\u00e1squet Este viernes la Primera de b\u00e1squet del CNSP viaja a Campana, para jugar ante Boat Club desde las 21.30 hs por el Torneo de la ABZC. El domingo las categor\u00edas formativas [&hellip;]<\/p>\n","protected":false},"author":4,"featured_media":17679,"comment_status":"open","ping_status":"closed","sticky":false,"template":"","format":"standard","meta":{"om_disable_all_campaigns":false,"_jetpack_memberships_contains_paid_content":false,"footnotes":""},"categories":[5],"tags":[],"class_list":["post-18467","post","type-post","status-publish","format-standard","has-post-thumbnail","hentry","category-deportes"],"aioseo_notices":[],"gutentor_comment":0,"jetpack_featured_media_url":"https:\/\/eldiariodesanpedro.com.ar\/sitio\/wp-content\/uploads\/2017\/04\/DEPORTES.jpg","jetpack_shortlink":"https:\/\/wp.me\/p6RhLt-4NR","jetpack_sharing_enabled":true,"_links":{"self":[{"href":"https:\/\/eldiariodesanpedro.com.ar\/sitio\/wp-json\/wp\/v2\/posts\/18467","targetHints":{"allow":["GET"]}}],"collection":[{"href":"https:\/\/eldiariodesanpedro.com.ar\/sitio\/wp-json\/wp\/v2\/posts"}],"about":[{"href":"https:\/\/eldiariodesanpedro.com.ar\/sitio\/wp-json\/wp\/v2\/types\/post"}],"author":[{"embeddable":true,"href":"https:\/\/eldiariodesanpedro.com.ar\/sitio\/wp-json\/wp\/v2\/users\/4"}],"replies":[{"embeddable":true,"href":"https:\/\/eldiariodesanpedro.com.ar\/sitio\/wp-json\/wp\/v2\/comments?post=18467"}],"version-history":[{"count":1,"href":"https:\/\/eldiariodesanpedro.com.ar\/sitio\/wp-json\/wp\/v2\/posts\/18467\/revisions"}],"predecessor-version":[{"id":18469,"href":"https:\/\/eldiariodesanpedro.com.ar\/sitio\/wp-json\/wp\/v2\/posts\/18467\/revisions\/18469"}],"wp:featuredmedia":[{"embeddable":true,"href":"https:\/\/eldiariodesanpedro.com.ar\/sitio\/wp-json\/wp\/v2\/media\/17679"}],"wp:attachment":[{"href":"https:\/\/eldiariodesanpedro.com.ar\/sitio\/wp-json\/wp\/v2\/media?parent=18467"}],"wp:term":[{"taxonomy":"category","embeddable":true,"href":"https:\/\/eldiariodesanpedro.com.ar\/sitio\/wp-json\/wp\/v2\/categories?post=18467"},{"taxonomy":"post_tag","embeddable":true,"href":"https:\/\/eldiariodesanpedro.com.ar\/sitio\/wp-json\/wp\/v2\/tags?post=18467"}],"curies":[{"name":"wp","href":"https:\/\/api.w.org\/{rel}","templated":true}]}}