{"id":18460,"date":"2017-05-11T20:19:32","date_gmt":"2017-05-11T23:19:32","guid":{"rendered":"https:\/\/eldiariodesanpedro.com.ar\/sitio\/?p=18460"},"modified":"2026-01-24T00:26:15","modified_gmt":"2026-01-24T03:26:15","slug":"atletismo-pescadores-running-en-raid-columbia","status":"publish","type":"post","link":"https:\/\/eldiariodesanpedro.com.ar\/sitio\/atletismo-pescadores-running-en-raid-columbia\/","title":{"rendered":"ATLETISMO: Pescadores Running en Raid Columbia"},"content":{"rendered":"<p><!-- VideographyWP Plugin Message: Automatic video embedding prevented by plugin options. --><br \/>\n  El Running Pescadores viaj\u00f3 a la provincia de Salta a participar del Raid Columbia, carrera de aventura con la modalidad de tres d\u00edas de competencia, cubriendo 60 km aproximadamente, recorriendo paisajes \u00fanicos de nuestra Argentina. <\/p>\n<p>  El primer d\u00eda se larg\u00f3 de Estaci\u00f3n Chorrillo en Salta, lugar por donde transitaba el tren de las nubes, finalizando en Campo Tijano unos 27km de recorrido. <\/p>\n<p>  Segundo d\u00eda, Jujuy fue la sede, largando de la localidad de Tumbaya, recorriendo en ascenso el cerro de 7 colores, llegando a Purmamarca despu\u00e9s de 21km con fuertes vientos que asecharon todo el recorrido. <\/p>\n<p>  Por \u00faltimo, Salinas Grande fue el lugar de finalizaci\u00f3n de esta carrera de aventura recorriendo 10 km a 3800 mts sobre el nivel del mar.<\/p>\n<p>  En esta competencia se vive una aventura \u00fanica. Los atletas del Club Marina Garibaldi, Viviana G\u00f3mez, Mariel Orlando y Gustavo Peralta junto a su entrenador Alejandro Domenge, acompa\u00f1ados tambi\u00e9n por Valeria Gonz\u00e1lez y Juli\u00e1n Z\u00e1rate finalizaron con \u00e9xito la carrera cumpliendo con cada etapa de la mejor manera, donde cada uno dio todo y m\u00e1s tambi\u00e9n.  <\/p>\n<p>  El fin de semana el equipo compite en Rosario. <\/p>\n","protected":false},"excerpt":{"rendered":"<p>El Running Pescadores viaj\u00f3 a la provincia de Salta a participar del Raid Columbia, carrera de aventura con la modalidad de tres d\u00edas de competencia, cubriendo 60 km aproximadamente, recorriendo paisajes \u00fanicos de nuestra Argentina. El primer d\u00eda se larg\u00f3 de Estaci\u00f3n Chorrillo en Salta, lugar por donde transitaba el tren de las nubes, finalizando [&hellip;]<\/p>\n","protected":false},"author":4,"featured_media":18462,"comment_status":"open","ping_status":"closed","sticky":false,"template":"","format":"standard","meta":{"om_disable_all_campaigns":false,"_jetpack_memberships_contains_paid_content":false,"footnotes":""},"categories":[5],"tags":[],"class_list":["post-18460","post","type-post","status-publish","format-standard","has-post-thumbnail","hentry","category-deportes"],"aioseo_notices":[],"gutentor_comment":0,"jetpack_featured_media_url":"https:\/\/eldiariodesanpedro.com.ar\/sitio\/wp-content\/uploads\/2017\/05\/Equipo-completo-de-Pescadores-Running-Team.jpg","jetpack_shortlink":"https:\/\/wp.me\/p6RhLt-4NK","jetpack_sharing_enabled":true,"_links":{"self":[{"href":"https:\/\/eldiariodesanpedro.com.ar\/sitio\/wp-json\/wp\/v2\/posts\/18460","targetHints":{"allow":["GET"]}}],"collection":[{"href":"https:\/\/eldiariodesanpedro.com.ar\/sitio\/wp-json\/wp\/v2\/posts"}],"about":[{"href":"https:\/\/eldiariodesanpedro.com.ar\/sitio\/wp-json\/wp\/v2\/types\/post"}],"author":[{"embeddable":true,"href":"https:\/\/eldiariodesanpedro.com.ar\/sitio\/wp-json\/wp\/v2\/users\/4"}],"replies":[{"embeddable":true,"href":"https:\/\/eldiariodesanpedro.com.ar\/sitio\/wp-json\/wp\/v2\/comments?post=18460"}],"version-history":[{"count":1,"href":"https:\/\/eldiariodesanpedro.com.ar\/sitio\/wp-json\/wp\/v2\/posts\/18460\/revisions"}],"predecessor-version":[{"id":18465,"href":"https:\/\/eldiariodesanpedro.com.ar\/sitio\/wp-json\/wp\/v2\/posts\/18460\/revisions\/18465"}],"wp:featuredmedia":[{"embeddable":true,"href":"https:\/\/eldiariodesanpedro.com.ar\/sitio\/wp-json\/wp\/v2\/media\/18462"}],"wp:attachment":[{"href":"https:\/\/eldiariodesanpedro.com.ar\/sitio\/wp-json\/wp\/v2\/media?parent=18460"}],"wp:term":[{"taxonomy":"category","embeddable":true,"href":"https:\/\/eldiariodesanpedro.com.ar\/sitio\/wp-json\/wp\/v2\/categories?post=18460"},{"taxonomy":"post_tag","embeddable":true,"href":"https:\/\/eldiariodesanpedro.com.ar\/sitio\/wp-json\/wp\/v2\/tags?post=18460"}],"curies":[{"name":"wp","href":"https:\/\/api.w.org\/{rel}","templated":true}]}}