{"id":18457,"date":"2017-05-11T20:19:06","date_gmt":"2017-05-11T23:19:06","guid":{"rendered":"https:\/\/eldiariodesanpedro.com.ar\/sitio\/?p=18457"},"modified":"2026-01-24T00:26:15","modified_gmt":"2026-01-24T03:26:15","slug":"karate-mitre-tercero-en-torneo-nacional-en-lanus","status":"publish","type":"post","link":"https:\/\/eldiariodesanpedro.com.ar\/sitio\/karate-mitre-tercero-en-torneo-nacional-en-lanus\/","title":{"rendered":"KARATE: Mitre tercero en Torneo Nacional en Lan\u00fas"},"content":{"rendered":"<p><!-- VideographyWP Plugin Message: Automatic video embedding prevented by plugin options. --><br \/>\n  El domingo 7 del corriente mes en la localidad de Lan\u00fas, Club Olimpo, una delegaci\u00f3n de deportistas del Club Mitre a cargo de los Profesores Florencio Yabas y Diego Pe\u00f1a con 14 alumnos de Karate  participaron en  Torneo Nacional  \u201cCopa Ciudad de Lan\u00fas de Karate-Do y Kobudo\u201d, con diferentes escuelas del pa\u00eds, con una concurrencia de 200 competidores, obteniendo 17 medallas.<\/p>\n<p>  Los resultados fueron: Thiago Couffignal 3er. puesto Kumite; Alma Salvatierra 3er. puesto Kata; Ailen Arias 2do. puesto Kata;  Matias Jatil  3er. puesto Kumite; Orlando Epelde 3er. puesto Kumite; Juan S\u00e1nchez 3er. puesto en  Kata y Kumite; Tiziana Garc\u00eda 2do. puesto Kata y 3 er. puesto Kumite ; Lucas Jatil  2do. puesto Kata; Benjam\u00edn Benvenuto 2do. puesto Kata y 2do. puesto Kumite; Nelson Puga 2do. puesto de Kata y 2do. puesto Kumite; Mat\u00edas Tomas 3er. puesto Kumite; Roxana Rold\u00e1n 2do. puesto Kata; Gustavo Salvatierra 3er. puesto Kumite.<\/p>\n","protected":false},"excerpt":{"rendered":"<p>El domingo 7 del corriente mes en la localidad de Lan\u00fas, Club Olimpo, una delegaci\u00f3n de deportistas del Club Mitre a cargo de los Profesores Florencio Yabas y Diego Pe\u00f1a con 14 alumnos de Karate participaron en Torneo Nacional \u201cCopa Ciudad de Lan\u00fas de Karate-Do y Kobudo\u201d, con diferentes escuelas del pa\u00eds, con una concurrencia [&hellip;]<\/p>\n","protected":false},"author":4,"featured_media":18461,"comment_status":"open","ping_status":"closed","sticky":false,"template":"","format":"standard","meta":{"om_disable_all_campaigns":false,"_jetpack_memberships_contains_paid_content":false,"footnotes":""},"categories":[5],"tags":[],"class_list":["post-18457","post","type-post","status-publish","format-standard","has-post-thumbnail","hentry","category-deportes"],"aioseo_notices":[],"gutentor_comment":0,"jetpack_featured_media_url":"https:\/\/eldiariodesanpedro.com.ar\/sitio\/wp-content\/uploads\/2017\/05\/Delegaci\u00f3n-de-Mitre-en-Lan\u00fas.jpg","jetpack_shortlink":"https:\/\/wp.me\/p6RhLt-4NH","jetpack_sharing_enabled":true,"_links":{"self":[{"href":"https:\/\/eldiariodesanpedro.com.ar\/sitio\/wp-json\/wp\/v2\/posts\/18457","targetHints":{"allow":["GET"]}}],"collection":[{"href":"https:\/\/eldiariodesanpedro.com.ar\/sitio\/wp-json\/wp\/v2\/posts"}],"about":[{"href":"https:\/\/eldiariodesanpedro.com.ar\/sitio\/wp-json\/wp\/v2\/types\/post"}],"author":[{"embeddable":true,"href":"https:\/\/eldiariodesanpedro.com.ar\/sitio\/wp-json\/wp\/v2\/users\/4"}],"replies":[{"embeddable":true,"href":"https:\/\/eldiariodesanpedro.com.ar\/sitio\/wp-json\/wp\/v2\/comments?post=18457"}],"version-history":[{"count":1,"href":"https:\/\/eldiariodesanpedro.com.ar\/sitio\/wp-json\/wp\/v2\/posts\/18457\/revisions"}],"predecessor-version":[{"id":18463,"href":"https:\/\/eldiariodesanpedro.com.ar\/sitio\/wp-json\/wp\/v2\/posts\/18457\/revisions\/18463"}],"wp:featuredmedia":[{"embeddable":true,"href":"https:\/\/eldiariodesanpedro.com.ar\/sitio\/wp-json\/wp\/v2\/media\/18461"}],"wp:attachment":[{"href":"https:\/\/eldiariodesanpedro.com.ar\/sitio\/wp-json\/wp\/v2\/media?parent=18457"}],"wp:term":[{"taxonomy":"category","embeddable":true,"href":"https:\/\/eldiariodesanpedro.com.ar\/sitio\/wp-json\/wp\/v2\/categories?post=18457"},{"taxonomy":"post_tag","embeddable":true,"href":"https:\/\/eldiariodesanpedro.com.ar\/sitio\/wp-json\/wp\/v2\/tags?post=18457"}],"curies":[{"name":"wp","href":"https:\/\/api.w.org\/{rel}","templated":true}]}}