{"id":18453,"date":"2017-05-11T19:03:54","date_gmt":"2017-05-11T22:03:54","guid":{"rendered":"https:\/\/eldiariodesanpedro.com.ar\/sitio\/?p=18453"},"modified":"2017-05-11T19:03:54","modified_gmt":"2017-05-11T22:03:54","slug":"acuerdo-sanatorio-coopser-ya-atiende-union-personal","status":"publish","type":"post","link":"https:\/\/eldiariodesanpedro.com.ar\/sitio\/acuerdo-sanatorio-coopser-ya-atiende-union-personal\/","title":{"rendered":"ACUERDO: Sanatorio Coopser ya atiende Uni\u00f3n Personal"},"content":{"rendered":"<p><!-- VideographyWP Plugin Message: Automatic video embedding prevented by plugin options. --><br \/>\nSanatorio COOPSER informa que de acuerdo a lo que hab\u00eda sido adelantado hace algunos d\u00edas, ayer se concret\u00f3 el alta como prestadores para ofrecer nuestros servicios a todos los planes de Uni\u00f3n Personal incluyendo Monotributo y todas las variantes de cobertura. <\/p>\n<p>\u00abEste logro ha sido posible luego de una larga negociaci\u00f3n y de gestiones compartidas con el C\u00edrculo M\u00e9dico y la Cl\u00ednica San Pedro. De esta manera logramos un nuevo avance para seguir incrementando nuestros servicios a toda la comunidad\u00bb, sostienen desde la entidad en un comunicado.<\/p>\n","protected":false},"excerpt":{"rendered":"<p>Sanatorio COOPSER informa que de acuerdo a lo que hab\u00eda sido adelantado hace algunos d\u00edas, ayer se concret\u00f3 el alta como prestadores para ofrecer nuestros servicios a todos los planes de Uni\u00f3n Personal incluyendo Monotributo y todas las variantes de cobertura. \u00abEste logro ha sido posible luego de una larga negociaci\u00f3n y de gestiones compartidas [&hellip;]<\/p>\n","protected":false},"author":4,"featured_media":18454,"comment_status":"open","ping_status":"closed","sticky":false,"template":"","format":"standard","meta":{"om_disable_all_campaigns":false,"_jetpack_memberships_contains_paid_content":false,"footnotes":""},"categories":[101,2],"tags":[],"class_list":["post-18453","post","type-post","status-publish","format-standard","has-post-thumbnail","hentry","category-interes-general-locales","category-locales"],"aioseo_notices":[],"gutentor_comment":0,"jetpack_featured_media_url":"https:\/\/eldiariodesanpedro.com.ar\/sitio\/wp-content\/uploads\/2017\/05\/sanatorio-coopser.jpg","jetpack_shortlink":"https:\/\/wp.me\/p6RhLt-4ND","jetpack_sharing_enabled":true,"_links":{"self":[{"href":"https:\/\/eldiariodesanpedro.com.ar\/sitio\/wp-json\/wp\/v2\/posts\/18453","targetHints":{"allow":["GET"]}}],"collection":[{"href":"https:\/\/eldiariodesanpedro.com.ar\/sitio\/wp-json\/wp\/v2\/posts"}],"about":[{"href":"https:\/\/eldiariodesanpedro.com.ar\/sitio\/wp-json\/wp\/v2\/types\/post"}],"author":[{"embeddable":true,"href":"https:\/\/eldiariodesanpedro.com.ar\/sitio\/wp-json\/wp\/v2\/users\/4"}],"replies":[{"embeddable":true,"href":"https:\/\/eldiariodesanpedro.com.ar\/sitio\/wp-json\/wp\/v2\/comments?post=18453"}],"version-history":[{"count":1,"href":"https:\/\/eldiariodesanpedro.com.ar\/sitio\/wp-json\/wp\/v2\/posts\/18453\/revisions"}],"predecessor-version":[{"id":18455,"href":"https:\/\/eldiariodesanpedro.com.ar\/sitio\/wp-json\/wp\/v2\/posts\/18453\/revisions\/18455"}],"wp:featuredmedia":[{"embeddable":true,"href":"https:\/\/eldiariodesanpedro.com.ar\/sitio\/wp-json\/wp\/v2\/media\/18454"}],"wp:attachment":[{"href":"https:\/\/eldiariodesanpedro.com.ar\/sitio\/wp-json\/wp\/v2\/media?parent=18453"}],"wp:term":[{"taxonomy":"category","embeddable":true,"href":"https:\/\/eldiariodesanpedro.com.ar\/sitio\/wp-json\/wp\/v2\/categories?post=18453"},{"taxonomy":"post_tag","embeddable":true,"href":"https:\/\/eldiariodesanpedro.com.ar\/sitio\/wp-json\/wp\/v2\/tags?post=18453"}],"curies":[{"name":"wp","href":"https:\/\/api.w.org\/{rel}","templated":true}]}}