{"id":18449,"date":"2017-05-11T19:00:49","date_gmt":"2017-05-11T22:00:49","guid":{"rendered":"https:\/\/eldiariodesanpedro.com.ar\/sitio\/?p=18449"},"modified":"2017-05-11T19:00:49","modified_gmt":"2017-05-11T22:00:49","slug":"reunion-de-la-comision-de-promocion-cultural","status":"publish","type":"post","link":"https:\/\/eldiariodesanpedro.com.ar\/sitio\/reunion-de-la-comision-de-promocion-cultural\/","title":{"rendered":"Reuni\u00f3n de la Comisi\u00f3n de Promoci\u00f3n Cultural"},"content":{"rendered":"<p><!-- VideographyWP Plugin Message: Automatic video embedding prevented by plugin options. --><br \/>\nEl d\u00eda de hoy, en la Direcci\u00f3n de Cultura se llev\u00f3 a cabo la primera reuni\u00f3n de la Comisi\u00f3n de Seguimiento del Fondo Municipal de Promoci\u00f3n Cultural.<\/p>\n<p>De la misma participaron los concejales Elisa Ferraro, Dami\u00e1n Mosquera, Fernando Esp\u00edndola y la Directora de Cultura Mar\u00eda Jos\u00e9 Mora.<\/p>\n<p>La comisi\u00f3n se reunir\u00e1 el primer jueves de cada mes.<\/p>\n","protected":false},"excerpt":{"rendered":"<p>El d\u00eda de hoy, en la Direcci\u00f3n de Cultura se llev\u00f3 a cabo la primera reuni\u00f3n de la Comisi\u00f3n de Seguimiento del Fondo Municipal de Promoci\u00f3n Cultural. De la misma participaron los concejales Elisa Ferraro, Dami\u00e1n Mosquera, Fernando Esp\u00edndola y la Directora de Cultura Mar\u00eda Jos\u00e9 Mora. La comisi\u00f3n se reunir\u00e1 el primer jueves de [&hellip;]<\/p>\n","protected":false},"author":4,"featured_media":18450,"comment_status":"open","ping_status":"closed","sticky":false,"template":"","format":"standard","meta":{"om_disable_all_campaigns":false,"_jetpack_memberships_contains_paid_content":false,"footnotes":""},"categories":[101,2],"tags":[],"class_list":["post-18449","post","type-post","status-publish","format-standard","has-post-thumbnail","hentry","category-interes-general-locales","category-locales"],"aioseo_notices":[],"gutentor_comment":0,"jetpack_featured_media_url":"https:\/\/eldiariodesanpedro.com.ar\/sitio\/wp-content\/uploads\/2017\/05\/Los-ediles-junto-a-la-Directora-de-Cultura.jpg","jetpack_shortlink":"https:\/\/wp.me\/p6RhLt-4Nz","jetpack_sharing_enabled":true,"_links":{"self":[{"href":"https:\/\/eldiariodesanpedro.com.ar\/sitio\/wp-json\/wp\/v2\/posts\/18449","targetHints":{"allow":["GET"]}}],"collection":[{"href":"https:\/\/eldiariodesanpedro.com.ar\/sitio\/wp-json\/wp\/v2\/posts"}],"about":[{"href":"https:\/\/eldiariodesanpedro.com.ar\/sitio\/wp-json\/wp\/v2\/types\/post"}],"author":[{"embeddable":true,"href":"https:\/\/eldiariodesanpedro.com.ar\/sitio\/wp-json\/wp\/v2\/users\/4"}],"replies":[{"embeddable":true,"href":"https:\/\/eldiariodesanpedro.com.ar\/sitio\/wp-json\/wp\/v2\/comments?post=18449"}],"version-history":[{"count":1,"href":"https:\/\/eldiariodesanpedro.com.ar\/sitio\/wp-json\/wp\/v2\/posts\/18449\/revisions"}],"predecessor-version":[{"id":18452,"href":"https:\/\/eldiariodesanpedro.com.ar\/sitio\/wp-json\/wp\/v2\/posts\/18449\/revisions\/18452"}],"wp:featuredmedia":[{"embeddable":true,"href":"https:\/\/eldiariodesanpedro.com.ar\/sitio\/wp-json\/wp\/v2\/media\/18450"}],"wp:attachment":[{"href":"https:\/\/eldiariodesanpedro.com.ar\/sitio\/wp-json\/wp\/v2\/media?parent=18449"}],"wp:term":[{"taxonomy":"category","embeddable":true,"href":"https:\/\/eldiariodesanpedro.com.ar\/sitio\/wp-json\/wp\/v2\/categories?post=18449"},{"taxonomy":"post_tag","embeddable":true,"href":"https:\/\/eldiariodesanpedro.com.ar\/sitio\/wp-json\/wp\/v2\/tags?post=18449"}],"curies":[{"name":"wp","href":"https:\/\/api.w.org\/{rel}","templated":true}]}}