{"id":18447,"date":"2017-05-11T19:00:13","date_gmt":"2017-05-11T22:00:13","guid":{"rendered":"https:\/\/eldiariodesanpedro.com.ar\/sitio\/?p=18447"},"modified":"2017-05-11T19:00:13","modified_gmt":"2017-05-11T22:00:13","slug":"se-va-a-poner-peor-a-fin-de-ano-monfasani-apunto-contra-la-inflacion-y-pronostico","status":"publish","type":"post","link":"https:\/\/eldiariodesanpedro.com.ar\/sitio\/se-va-a-poner-peor-a-fin-de-ano-monfasani-apunto-contra-la-inflacion-y-pronostico\/","title":{"rendered":"\u201cSE VA A PONER PEOR A FIN DE A\u00d1O\u201d: Monfasani apunt\u00f3 contra la inflaci\u00f3n y pronostic\u00f3"},"content":{"rendered":"<p><!-- VideographyWP Plugin Message: Automatic video embedding prevented by plugin options. --><br \/>\nEl legislador bonaerense del Frente Renovador, Daniel Monfasani, habl\u00f3 sobre el \u00edndice inflacionario que anunci\u00f3 esta ma\u00f1ana el IPC y afirm\u00f3 que \u201cse va a ver peor a fin de a\u00f1o\u201d.<\/p>\n<p>\u201cMe parece que la apuesta que ten\u00eda el gobierno de tratar de bajar la inflaci\u00f3n del a\u00f1o 2017 se fue de las manos, incluso con aquellos que pautaron salarios con paritarias de 18 por ciento, caso empleados p\u00fablicos de la provincia\u201d, asegur\u00f3 el diputado bonaerense, Daniel Monfasani.<\/p>\n<p>\u201cPor pron\u00f3sticos y por lo que estamos viendo en estos \u00faltimos meses, vamos a andar rondando en un 29 por ciento a fin de a\u00f1o, si esto sigue as\u00ed, independientemente del gobierno haber sacado todo lo que tiene que ver con tarifazos, con todo lo que tiene que ver con la recesi\u00f3n y despidos, y todo, no ha podido bajar la inflaci\u00f3n\u201d, agreg\u00f3.<\/p>\n<p>\u201cCreo que ha sido en vano todo el sacrificio que ha hecho el pueblo argentino, por lo menos en este primer cuatrimestre del 2017 y que se va a ver peor todav\u00eda a fin de a\u00f1o de seguir as\u00ed\u201d, sentenci\u00f3 Monfasani y a\u00f1adi\u00f3: \u201cCreo que independientemente del esfuerzo que esta haciendo la gente, no se ve reflejado en que los resultados del gobierno sean los que por lo menos hab\u00edan pronosticados\u201d.<\/p>\n<p>Respecto a Bajemos los Precios, el diputado asegur\u00f3: \u201cAyuda much\u00edsimo, por lo menos a los que menos cobran. En el caso de los jubilados va a representar, solamente con el IVA, 850 y 900 pesos, independientemente de lo que dice el gobierno que si puede ser una pizza, dos pizza, tres pizza como ellos lo tratan de identificar, creo que a un jubilado le sirve para poder pagar la luz, el gas, y un mont\u00f3n de cuestiones, que hoy no pueden llegar a fin de mes, que tampoco van a llegar sac\u00e1ndole el IVA de los alimentos, pero es una ayuda\u201d. <\/p>\n<p>\u201cNosotros tambi\u00e9n estamos trabajando para impulsar el quite de impuesto de ingresos brutos, y muchos intendentes del Frente Renovador tambi\u00e9n est\u00e1n trabajando para la quita de una importante suma en lo que tiene q ver con la tasa de salud e higiene, as\u00ed que con todo eso creo que vamos a andar en un 40 por ciento mas o menos la baja de los alimentos. Yo creo que no es la soluci\u00f3n pero que todo ayuda a ir paleando, valga la redundancia, la grave situaci\u00f3n que est\u00e1n viviendo los que menos cobran, que son la mayor\u00eda del pueblo argentino\u201d, finaliz\u00f3.<\/p>\n","protected":false},"excerpt":{"rendered":"<p>El legislador bonaerense del Frente Renovador, Daniel Monfasani, habl\u00f3 sobre el \u00edndice inflacionario que anunci\u00f3 esta ma\u00f1ana el IPC y afirm\u00f3 que \u201cse va a ver peor a fin de a\u00f1o\u201d. \u201cMe parece que la apuesta que ten\u00eda el gobierno de tratar de bajar la inflaci\u00f3n del a\u00f1o 2017 se fue de las manos, incluso [&hellip;]<\/p>\n","protected":false},"author":4,"featured_media":18448,"comment_status":"open","ping_status":"closed","sticky":false,"template":"","format":"standard","meta":{"om_disable_all_campaigns":false,"_jetpack_memberships_contains_paid_content":false,"footnotes":""},"categories":[2,102],"tags":[],"class_list":["post-18447","post","type-post","status-publish","format-standard","has-post-thumbnail","hentry","category-locales","category-politica-locales"],"aioseo_notices":[],"gutentor_comment":0,"jetpack_featured_media_url":"https:\/\/eldiariodesanpedro.com.ar\/sitio\/wp-content\/uploads\/2017\/05\/Monfasani.jpg","jetpack_shortlink":"https:\/\/wp.me\/p6RhLt-4Nx","jetpack_sharing_enabled":true,"_links":{"self":[{"href":"https:\/\/eldiariodesanpedro.com.ar\/sitio\/wp-json\/wp\/v2\/posts\/18447","targetHints":{"allow":["GET"]}}],"collection":[{"href":"https:\/\/eldiariodesanpedro.com.ar\/sitio\/wp-json\/wp\/v2\/posts"}],"about":[{"href":"https:\/\/eldiariodesanpedro.com.ar\/sitio\/wp-json\/wp\/v2\/types\/post"}],"author":[{"embeddable":true,"href":"https:\/\/eldiariodesanpedro.com.ar\/sitio\/wp-json\/wp\/v2\/users\/4"}],"replies":[{"embeddable":true,"href":"https:\/\/eldiariodesanpedro.com.ar\/sitio\/wp-json\/wp\/v2\/comments?post=18447"}],"version-history":[{"count":1,"href":"https:\/\/eldiariodesanpedro.com.ar\/sitio\/wp-json\/wp\/v2\/posts\/18447\/revisions"}],"predecessor-version":[{"id":18451,"href":"https:\/\/eldiariodesanpedro.com.ar\/sitio\/wp-json\/wp\/v2\/posts\/18447\/revisions\/18451"}],"wp:featuredmedia":[{"embeddable":true,"href":"https:\/\/eldiariodesanpedro.com.ar\/sitio\/wp-json\/wp\/v2\/media\/18448"}],"wp:attachment":[{"href":"https:\/\/eldiariodesanpedro.com.ar\/sitio\/wp-json\/wp\/v2\/media?parent=18447"}],"wp:term":[{"taxonomy":"category","embeddable":true,"href":"https:\/\/eldiariodesanpedro.com.ar\/sitio\/wp-json\/wp\/v2\/categories?post=18447"},{"taxonomy":"post_tag","embeddable":true,"href":"https:\/\/eldiariodesanpedro.com.ar\/sitio\/wp-json\/wp\/v2\/tags?post=18447"}],"curies":[{"name":"wp","href":"https:\/\/api.w.org\/{rel}","templated":true}]}}