{"id":18442,"date":"2017-05-11T18:56:26","date_gmt":"2017-05-11T21:56:26","guid":{"rendered":"https:\/\/eldiariodesanpedro.com.ar\/sitio\/?p=18442"},"modified":"2017-05-11T18:56:26","modified_gmt":"2017-05-11T21:56:26","slug":"debido-al-mal-tiempo-postergaron-nuevamente-la-visita-de-vidal-a-ramallo","status":"publish","type":"post","link":"https:\/\/eldiariodesanpedro.com.ar\/sitio\/debido-al-mal-tiempo-postergaron-nuevamente-la-visita-de-vidal-a-ramallo\/","title":{"rendered":"DEBIDO AL MAL TIEMPO: Postergaron nuevamente la visita de Vidal a Ramallo"},"content":{"rendered":"<p><!-- VideographyWP Plugin Message: Automatic video embedding prevented by plugin options. --><br \/>\nLa gobernadora de la provincia de Buenos Aires, Mar\u00eda Eugenia Vidal, posterg\u00f3 con fecha a confirmar su llegada al partido de Ramallo , para oficializar la reconstrucci\u00f3n de la ruta provincial 51 en el tramo que une Ramallo con Arrecifes, debido al pron\u00f3stico de mal tiempo.<\/p>\n<p>La informaci\u00f3n de la llegada de la gobernadora de la provincia gener\u00f3 expectativas en diferentes sectores que en principio estar\u00edan presentes en ruta 51 y ruta 9 donde se desarrollar\u00eda la actividad. <\/p>\n<p>Se espera que la titular del Poder Ejecutivo Provincial llegue acompa\u00f1ada por el Ministro de Asuntos Agrarios, Leonardo Sarquis qui\u00e9n desde el primer d\u00eda tom\u00f3 nota del pedido reiterado por vecinos, asamble\u00edstas, productores y dirigentes. <\/p>\n<p>No se descarta la presencia de docentes que intentar\u00e1n acercar una carta para dar cuenta de la situaci\u00f3n provincial y regional.  (http:\/\/laradioramallo.com.ar)<\/p>\n","protected":false},"excerpt":{"rendered":"<p>La gobernadora de la provincia de Buenos Aires, Mar\u00eda Eugenia Vidal, posterg\u00f3 con fecha a confirmar su llegada al partido de Ramallo , para oficializar la reconstrucci\u00f3n de la ruta provincial 51 en el tramo que une Ramallo con Arrecifes, debido al pron\u00f3stico de mal tiempo. La informaci\u00f3n de la llegada de la gobernadora de [&hellip;]<\/p>\n","protected":false},"author":4,"featured_media":18444,"comment_status":"open","ping_status":"closed","sticky":false,"template":"","format":"standard","meta":{"om_disable_all_campaigns":false,"_jetpack_memberships_contains_paid_content":false,"footnotes":""},"categories":[621],"tags":[],"class_list":["post-18442","post","type-post","status-publish","format-standard","has-post-thumbnail","hentry","category-regionales"],"aioseo_notices":[],"gutentor_comment":0,"jetpack_featured_media_url":"https:\/\/eldiariodesanpedro.com.ar\/sitio\/wp-content\/uploads\/2017\/05\/a-visita-de-la-Gobernadora-fue-reprogramada.jpg","jetpack_shortlink":"https:\/\/wp.me\/p6RhLt-4Ns","jetpack_sharing_enabled":true,"_links":{"self":[{"href":"https:\/\/eldiariodesanpedro.com.ar\/sitio\/wp-json\/wp\/v2\/posts\/18442","targetHints":{"allow":["GET"]}}],"collection":[{"href":"https:\/\/eldiariodesanpedro.com.ar\/sitio\/wp-json\/wp\/v2\/posts"}],"about":[{"href":"https:\/\/eldiariodesanpedro.com.ar\/sitio\/wp-json\/wp\/v2\/types\/post"}],"author":[{"embeddable":true,"href":"https:\/\/eldiariodesanpedro.com.ar\/sitio\/wp-json\/wp\/v2\/users\/4"}],"replies":[{"embeddable":true,"href":"https:\/\/eldiariodesanpedro.com.ar\/sitio\/wp-json\/wp\/v2\/comments?post=18442"}],"version-history":[{"count":1,"href":"https:\/\/eldiariodesanpedro.com.ar\/sitio\/wp-json\/wp\/v2\/posts\/18442\/revisions"}],"predecessor-version":[{"id":18446,"href":"https:\/\/eldiariodesanpedro.com.ar\/sitio\/wp-json\/wp\/v2\/posts\/18442\/revisions\/18446"}],"wp:featuredmedia":[{"embeddable":true,"href":"https:\/\/eldiariodesanpedro.com.ar\/sitio\/wp-json\/wp\/v2\/media\/18444"}],"wp:attachment":[{"href":"https:\/\/eldiariodesanpedro.com.ar\/sitio\/wp-json\/wp\/v2\/media?parent=18442"}],"wp:term":[{"taxonomy":"category","embeddable":true,"href":"https:\/\/eldiariodesanpedro.com.ar\/sitio\/wp-json\/wp\/v2\/categories?post=18442"},{"taxonomy":"post_tag","embeddable":true,"href":"https:\/\/eldiariodesanpedro.com.ar\/sitio\/wp-json\/wp\/v2\/tags?post=18442"}],"curies":[{"name":"wp","href":"https:\/\/api.w.org\/{rel}","templated":true}]}}