{"id":18438,"date":"2017-05-11T18:55:19","date_gmt":"2017-05-11T21:55:19","guid":{"rendered":"https:\/\/eldiariodesanpedro.com.ar\/sitio\/?p=18438"},"modified":"2017-05-11T18:56:15","modified_gmt":"2017-05-11T21:56:15","slug":"zarate-violento-choque-en-panamericana-una-victima-fatal","status":"publish","type":"post","link":"https:\/\/eldiariodesanpedro.com.ar\/sitio\/zarate-violento-choque-en-panamericana-una-victima-fatal\/","title":{"rendered":"Z\u00c1RATE: Violento choque en Panamericana: una v\u00edctima fatal"},"content":{"rendered":"<p><!-- VideographyWP Plugin Message: Automatic video embedding prevented by plugin options. --><br \/>\nAlrededor de las 10:00 hs. de hoy, se produjo una violenta colisi\u00f3n en Ruta Panamericana, altura del km. 78, mano a Rosario.<br \/>\nUna Fiat Berlingo y un Gol, por causas que tratan de establecerse se embistieron y como consecuencia, dos personas quedaron atrapadas en el habit\u00e1culo.<\/p>\n<p>Bomberos Voluntarios de Campana y personal de Defensa Civil, trabajaron arduamente en el rescate. Una mujer fue trasladada al Hospital San Jos\u00e9, mientras que quien la acompa\u00f1aba, muri\u00f3 en el acto. (Enlace Cr\u00edtico)<\/p>\n","protected":false},"excerpt":{"rendered":"<p>Alrededor de las 10:00 hs. de hoy, se produjo una violenta colisi\u00f3n en Ruta Panamericana, altura del km. 78, mano a Rosario. Una Fiat Berlingo y un Gol, por causas que tratan de establecerse se embistieron y como consecuencia, dos personas quedaron atrapadas en el habit\u00e1culo. Bomberos Voluntarios de Campana y personal de Defensa Civil, [&hellip;]<\/p>\n","protected":false},"author":4,"featured_media":18441,"comment_status":"open","ping_status":"closed","sticky":false,"template":"","format":"standard","meta":{"om_disable_all_campaigns":false,"_jetpack_memberships_contains_paid_content":false,"footnotes":""},"categories":[621],"tags":[],"class_list":["post-18438","post","type-post","status-publish","format-standard","has-post-thumbnail","hentry","category-regionales"],"aioseo_notices":[],"gutentor_comment":0,"jetpack_featured_media_url":"https:\/\/eldiariodesanpedro.com.ar\/sitio\/wp-content\/uploads\/2017\/05\/El-accidente-en-la-Ruta-9.jpg","jetpack_shortlink":"https:\/\/wp.me\/p6RhLt-4No","jetpack_sharing_enabled":true,"_links":{"self":[{"href":"https:\/\/eldiariodesanpedro.com.ar\/sitio\/wp-json\/wp\/v2\/posts\/18438","targetHints":{"allow":["GET"]}}],"collection":[{"href":"https:\/\/eldiariodesanpedro.com.ar\/sitio\/wp-json\/wp\/v2\/posts"}],"about":[{"href":"https:\/\/eldiariodesanpedro.com.ar\/sitio\/wp-json\/wp\/v2\/types\/post"}],"author":[{"embeddable":true,"href":"https:\/\/eldiariodesanpedro.com.ar\/sitio\/wp-json\/wp\/v2\/users\/4"}],"replies":[{"embeddable":true,"href":"https:\/\/eldiariodesanpedro.com.ar\/sitio\/wp-json\/wp\/v2\/comments?post=18438"}],"version-history":[{"count":2,"href":"https:\/\/eldiariodesanpedro.com.ar\/sitio\/wp-json\/wp\/v2\/posts\/18438\/revisions"}],"predecessor-version":[{"id":18445,"href":"https:\/\/eldiariodesanpedro.com.ar\/sitio\/wp-json\/wp\/v2\/posts\/18438\/revisions\/18445"}],"wp:featuredmedia":[{"embeddable":true,"href":"https:\/\/eldiariodesanpedro.com.ar\/sitio\/wp-json\/wp\/v2\/media\/18441"}],"wp:attachment":[{"href":"https:\/\/eldiariodesanpedro.com.ar\/sitio\/wp-json\/wp\/v2\/media?parent=18438"}],"wp:term":[{"taxonomy":"category","embeddable":true,"href":"https:\/\/eldiariodesanpedro.com.ar\/sitio\/wp-json\/wp\/v2\/categories?post=18438"},{"taxonomy":"post_tag","embeddable":true,"href":"https:\/\/eldiariodesanpedro.com.ar\/sitio\/wp-json\/wp\/v2\/tags?post=18438"}],"curies":[{"name":"wp","href":"https:\/\/api.w.org\/{rel}","templated":true}]}}