{"id":18436,"date":"2017-05-11T18:54:29","date_gmt":"2017-05-11T21:54:29","guid":{"rendered":"https:\/\/eldiariodesanpedro.com.ar\/sitio\/?p=18436"},"modified":"2017-05-11T18:54:29","modified_gmt":"2017-05-11T21:54:29","slug":"pergamino-detuvieron-a-un-sujeto-por-abusar-de-la-herman","status":"publish","type":"post","link":"https:\/\/eldiariodesanpedro.com.ar\/sitio\/pergamino-detuvieron-a-un-sujeto-por-abusar-de-la-herman\/","title":{"rendered":"PERGAMINO: Detuvieron a un sujeto por abusar de la herman"},"content":{"rendered":"<p><!-- VideographyWP Plugin Message: Automatic video embedding prevented by plugin options. --><br \/>\nLos detectives de la DDI capturaron a este hombre de 33 a\u00f1os se\u00f1alado por la hermana como el autor de ataques sexuales.<\/p>\n<p>El lunes a la tarde, en el barrio Acevedo, detuvieron a un sujeto de 33 a\u00f1os por los abusos sexuales sufridos por una hermana.<\/p>\n<p>El hombre est\u00e1 procesado en una causa judicial que instruye la fiscal Alejandra Ghiotti, a partir de ser se\u00f1alado por la v\u00edctima, integrante de su grupo familiar.<\/p>\n<p>Las actuaciones han logrado reunir pruebas para acreditar un avanzado estado de sospecha contra el imputado y lograr que el Juzgado de Garant\u00edas ordene la detenci\u00f3n. D\u00edas anteriores se hicieron procedimientos en la vivienda del sospechoso, en el que se incautaron elementos de cargo para vincularlo en los ataques sufridos por la mujer. Estas pruebas incorporadas al expediente sirvieron para fortalecer el pedido de detenci\u00f3n que dio el juez.<\/p>\n<p>La secretaria de la Unidad Funcional de Instrucci\u00f3n N\u00famero 7, Silvana Torrado, particip\u00f3 de los allanamientos junto a una brigada de operaciones de la Polic\u00eda de Investigaciones que encabeza el comisario mayor Jorge Vera.<\/p>\n<p>El imputado ya fue indagado en la Fiscal\u00eda N\u00famero 7, por el cuerpo de instructores judiciales y se abstuvo de declarar contra si mismo, tal como lo garantiza la Constituci\u00f3n Nacional.<\/p>\n","protected":false},"excerpt":{"rendered":"<p>Los detectives de la DDI capturaron a este hombre de 33 a\u00f1os se\u00f1alado por la hermana como el autor de ataques sexuales. El lunes a la tarde, en el barrio Acevedo, detuvieron a un sujeto de 33 a\u00f1os por los abusos sexuales sufridos por una hermana. El hombre est\u00e1 procesado en una causa judicial que [&hellip;]<\/p>\n","protected":false},"author":4,"featured_media":18439,"comment_status":"open","ping_status":"closed","sticky":false,"template":"","format":"standard","meta":{"om_disable_all_campaigns":false,"_jetpack_memberships_contains_paid_content":false,"footnotes":""},"categories":[621],"tags":[],"class_list":["post-18436","post","type-post","status-publish","format-standard","has-post-thumbnail","hentry","category-regionales"],"aioseo_notices":[],"gutentor_comment":0,"jetpack_featured_media_url":"https:\/\/eldiariodesanpedro.com.ar\/sitio\/wp-content\/uploads\/2017\/05\/junin-robo-detenido.jpg","jetpack_shortlink":"https:\/\/wp.me\/p6RhLt-4Nm","jetpack_sharing_enabled":true,"_links":{"self":[{"href":"https:\/\/eldiariodesanpedro.com.ar\/sitio\/wp-json\/wp\/v2\/posts\/18436","targetHints":{"allow":["GET"]}}],"collection":[{"href":"https:\/\/eldiariodesanpedro.com.ar\/sitio\/wp-json\/wp\/v2\/posts"}],"about":[{"href":"https:\/\/eldiariodesanpedro.com.ar\/sitio\/wp-json\/wp\/v2\/types\/post"}],"author":[{"embeddable":true,"href":"https:\/\/eldiariodesanpedro.com.ar\/sitio\/wp-json\/wp\/v2\/users\/4"}],"replies":[{"embeddable":true,"href":"https:\/\/eldiariodesanpedro.com.ar\/sitio\/wp-json\/wp\/v2\/comments?post=18436"}],"version-history":[{"count":1,"href":"https:\/\/eldiariodesanpedro.com.ar\/sitio\/wp-json\/wp\/v2\/posts\/18436\/revisions"}],"predecessor-version":[{"id":18440,"href":"https:\/\/eldiariodesanpedro.com.ar\/sitio\/wp-json\/wp\/v2\/posts\/18436\/revisions\/18440"}],"wp:featuredmedia":[{"embeddable":true,"href":"https:\/\/eldiariodesanpedro.com.ar\/sitio\/wp-json\/wp\/v2\/media\/18439"}],"wp:attachment":[{"href":"https:\/\/eldiariodesanpedro.com.ar\/sitio\/wp-json\/wp\/v2\/media?parent=18436"}],"wp:term":[{"taxonomy":"category","embeddable":true,"href":"https:\/\/eldiariodesanpedro.com.ar\/sitio\/wp-json\/wp\/v2\/categories?post=18436"},{"taxonomy":"post_tag","embeddable":true,"href":"https:\/\/eldiariodesanpedro.com.ar\/sitio\/wp-json\/wp\/v2\/tags?post=18436"}],"curies":[{"name":"wp","href":"https:\/\/api.w.org\/{rel}","templated":true}]}}