{"id":18435,"date":"2017-05-11T18:52:26","date_gmt":"2017-05-11T21:52:26","guid":{"rendered":"https:\/\/eldiariodesanpedro.com.ar\/sitio\/?p=18435"},"modified":"2017-05-11T18:52:26","modified_gmt":"2017-05-11T21:52:26","slug":"hermano-indio-una-persona-en-grave-estado-tras-haber-sido-baleado","status":"publish","type":"post","link":"https:\/\/eldiariodesanpedro.com.ar\/sitio\/hermano-indio-una-persona-en-grave-estado-tras-haber-sido-baleado\/","title":{"rendered":"Hermano Indio: Una persona en grave estado tras haber sido baleado"},"content":{"rendered":"<p><!-- VideographyWP Plugin Message: Automatic video embedding prevented by plugin options. --><br \/>\nSe produjo en la ma\u00f1ana de hoy, cerca del mediod\u00eda un enfrentamiento armado en el barrio Hermano Indio. Seg\u00fan se pudo establecer, un grupo de personas comenzaron a descerrajar tiros contra una propiedad localizada en Balcarce ente Cruz Roja y Hermano Indio. Como consecuencia de ello una persona mayor de edad, sufri\u00f3 un disparo en el pecho. Fue derivado al Hospital y las primeras informaciones indican que se encuentra en delicado estado de salud.<\/p>\n<p>Como consecuencia de ello, se secuestraron 3 armas de fabricaci\u00f3n cacera (tumberas), proyectiles calibre 22 y  cartuchos escopeta percutados. Adem\u00e1s fue aprehendido un sujeto de 25 a\u00f1os, acusado de ocasionarle una grave herida a la persona de 45 a\u00f1os que ingres\u00f3 al hospital. Sobre su estado de salud se pudo establecer que el disparo se produjo en la zona tor\u00e1xica y tras da\u00f1ar uno de sus pulmones. Se trata de un paciente con riesgo de vida. Mientras que la otra persona, menor de edad, sufri\u00f3 tiro de perdigones en sus miembros inferiores.<\/p>\n","protected":false},"excerpt":{"rendered":"<p>Se produjo en la ma\u00f1ana de hoy, cerca del mediod\u00eda un enfrentamiento armado en el barrio Hermano Indio. Seg\u00fan se pudo establecer, un grupo de personas comenzaron a descerrajar tiros contra una propiedad localizada en Balcarce ente Cruz Roja y Hermano Indio. Como consecuencia de ello una persona mayor de edad, sufri\u00f3 un disparo en [&hellip;]<\/p>\n","protected":false},"author":4,"featured_media":7633,"comment_status":"open","ping_status":"closed","sticky":false,"template":"","format":"standard","meta":{"om_disable_all_campaigns":false,"_jetpack_memberships_contains_paid_content":false,"footnotes":""},"categories":[2,103],"tags":[],"class_list":["post-18435","post","type-post","status-publish","format-standard","has-post-thumbnail","hentry","category-locales","category-policiales-locales"],"aioseo_notices":[],"gutentor_comment":0,"jetpack_featured_media_url":"https:\/\/eldiariodesanpedro.com.ar\/sitio\/wp-content\/uploads\/2016\/08\/hospital-policia.jpg","jetpack_shortlink":"https:\/\/wp.me\/p6RhLt-4Nl","jetpack_sharing_enabled":true,"_links":{"self":[{"href":"https:\/\/eldiariodesanpedro.com.ar\/sitio\/wp-json\/wp\/v2\/posts\/18435","targetHints":{"allow":["GET"]}}],"collection":[{"href":"https:\/\/eldiariodesanpedro.com.ar\/sitio\/wp-json\/wp\/v2\/posts"}],"about":[{"href":"https:\/\/eldiariodesanpedro.com.ar\/sitio\/wp-json\/wp\/v2\/types\/post"}],"author":[{"embeddable":true,"href":"https:\/\/eldiariodesanpedro.com.ar\/sitio\/wp-json\/wp\/v2\/users\/4"}],"replies":[{"embeddable":true,"href":"https:\/\/eldiariodesanpedro.com.ar\/sitio\/wp-json\/wp\/v2\/comments?post=18435"}],"version-history":[{"count":1,"href":"https:\/\/eldiariodesanpedro.com.ar\/sitio\/wp-json\/wp\/v2\/posts\/18435\/revisions"}],"predecessor-version":[{"id":18437,"href":"https:\/\/eldiariodesanpedro.com.ar\/sitio\/wp-json\/wp\/v2\/posts\/18435\/revisions\/18437"}],"wp:featuredmedia":[{"embeddable":true,"href":"https:\/\/eldiariodesanpedro.com.ar\/sitio\/wp-json\/wp\/v2\/media\/7633"}],"wp:attachment":[{"href":"https:\/\/eldiariodesanpedro.com.ar\/sitio\/wp-json\/wp\/v2\/media?parent=18435"}],"wp:term":[{"taxonomy":"category","embeddable":true,"href":"https:\/\/eldiariodesanpedro.com.ar\/sitio\/wp-json\/wp\/v2\/categories?post=18435"},{"taxonomy":"post_tag","embeddable":true,"href":"https:\/\/eldiariodesanpedro.com.ar\/sitio\/wp-json\/wp\/v2\/tags?post=18435"}],"curies":[{"name":"wp","href":"https:\/\/api.w.org\/{rel}","templated":true}]}}