{"id":18433,"date":"2017-05-11T18:45:46","date_gmt":"2017-05-11T21:45:46","guid":{"rendered":"https:\/\/eldiariodesanpedro.com.ar\/sitio\/?p=18433"},"modified":"2017-05-11T18:45:46","modified_gmt":"2017-05-11T21:45:46","slug":"una-joven-aseguro-que-quisieron-tomarla-del-brazo-para-subirla-a-un-auto","status":"publish","type":"post","link":"https:\/\/eldiariodesanpedro.com.ar\/sitio\/una-joven-aseguro-que-quisieron-tomarla-del-brazo-para-subirla-a-un-auto\/","title":{"rendered":"Una joven asegur\u00f3 que quisieron tomarla del brazo para subirla a un auto"},"content":{"rendered":"<p><!-- VideographyWP Plugin Message: Automatic video embedding prevented by plugin options. --><br \/>\nEl preocupante hecho fue denunciado en la comisar\u00eda de de nuestra ciudad. La joven menor de edad dej\u00f3 asentado en la presentaci\u00f3n que cuando caminaban por la v\u00eda p\u00fablica, pas\u00f3 junto a ellas un veh\u00edculo en el que se dirig\u00edan dos ocupantes y la acompa\u00f1ante intent\u00f3 tomarla del brazo, presuntamente para subirla al rodado.<\/p>\n<p>Sin embargo al no poder lograr su cometido se dieron a la fuga. El hecho se produjo en inmediaciones del predio el Club Mitres, en R\u00f3mulo Na\u00f3n y Caseros.<\/p>\n<p>Tom\u00f3 intervenci\u00f3n la UFI N\u00ba 5<\/p>\n","protected":false},"excerpt":{"rendered":"<p>El preocupante hecho fue denunciado en la comisar\u00eda de de nuestra ciudad. La joven menor de edad dej\u00f3 asentado en la presentaci\u00f3n que cuando caminaban por la v\u00eda p\u00fablica, pas\u00f3 junto a ellas un veh\u00edculo en el que se dirig\u00edan dos ocupantes y la acompa\u00f1ante intent\u00f3 tomarla del brazo, presuntamente para subirla al rodado. Sin [&hellip;]<\/p>\n","protected":false},"author":4,"featured_media":16985,"comment_status":"open","ping_status":"closed","sticky":false,"template":"","format":"standard","meta":{"om_disable_all_campaigns":false,"_jetpack_memberships_contains_paid_content":false,"footnotes":""},"categories":[2,103],"tags":[],"class_list":["post-18433","post","type-post","status-publish","format-standard","has-post-thumbnail","hentry","category-locales","category-policiales-locales"],"aioseo_notices":[],"gutentor_comment":0,"jetpack_featured_media_url":"https:\/\/eldiariodesanpedro.com.ar\/sitio\/wp-content\/uploads\/2017\/04\/DSC_0218-e1491428995946.jpg","jetpack_shortlink":"https:\/\/wp.me\/p6RhLt-4Nj","jetpack_sharing_enabled":true,"_links":{"self":[{"href":"https:\/\/eldiariodesanpedro.com.ar\/sitio\/wp-json\/wp\/v2\/posts\/18433","targetHints":{"allow":["GET"]}}],"collection":[{"href":"https:\/\/eldiariodesanpedro.com.ar\/sitio\/wp-json\/wp\/v2\/posts"}],"about":[{"href":"https:\/\/eldiariodesanpedro.com.ar\/sitio\/wp-json\/wp\/v2\/types\/post"}],"author":[{"embeddable":true,"href":"https:\/\/eldiariodesanpedro.com.ar\/sitio\/wp-json\/wp\/v2\/users\/4"}],"replies":[{"embeddable":true,"href":"https:\/\/eldiariodesanpedro.com.ar\/sitio\/wp-json\/wp\/v2\/comments?post=18433"}],"version-history":[{"count":1,"href":"https:\/\/eldiariodesanpedro.com.ar\/sitio\/wp-json\/wp\/v2\/posts\/18433\/revisions"}],"predecessor-version":[{"id":18434,"href":"https:\/\/eldiariodesanpedro.com.ar\/sitio\/wp-json\/wp\/v2\/posts\/18433\/revisions\/18434"}],"wp:featuredmedia":[{"embeddable":true,"href":"https:\/\/eldiariodesanpedro.com.ar\/sitio\/wp-json\/wp\/v2\/media\/16985"}],"wp:attachment":[{"href":"https:\/\/eldiariodesanpedro.com.ar\/sitio\/wp-json\/wp\/v2\/media?parent=18433"}],"wp:term":[{"taxonomy":"category","embeddable":true,"href":"https:\/\/eldiariodesanpedro.com.ar\/sitio\/wp-json\/wp\/v2\/categories?post=18433"},{"taxonomy":"post_tag","embeddable":true,"href":"https:\/\/eldiariodesanpedro.com.ar\/sitio\/wp-json\/wp\/v2\/tags?post=18433"}],"curies":[{"name":"wp","href":"https:\/\/api.w.org\/{rel}","templated":true}]}}