{"id":18429,"date":"2017-05-11T18:41:42","date_gmt":"2017-05-11T21:41:42","guid":{"rendered":"https:\/\/eldiariodesanpedro.com.ar\/sitio\/?p=18429"},"modified":"2017-05-11T18:41:42","modified_gmt":"2017-05-11T21:41:42","slug":"santa-lucia-tres-nuevas-denuncias-de-abuso","status":"publish","type":"post","link":"https:\/\/eldiariodesanpedro.com.ar\/sitio\/santa-lucia-tres-nuevas-denuncias-de-abuso\/","title":{"rendered":"Santa Luc\u00eda: Tres nuevas denuncias de abuso"},"content":{"rendered":"<p><!-- VideographyWP Plugin Message: Automatic video embedding prevented by plugin options. --><br \/>\nCon el correr de las horas se conocieron algunos detalles acerca del hecho ocurrido en la localidad. En principio, la denuncia fue radicada en la Comisar\u00eda de la Mujer y la Familia el lunes por la noche, por parte de la mam\u00e1 del menor de 3 a\u00f1os.<\/p>\n<p>En tanto que en la presentaci\u00f3n realizada se expone que habr\u00eda sucedido dentro del establecimiento educativo y como ya hab\u00edamos adelantado el imputado es un docente del  jard\u00edn de infantes del Instituto Margarita O\u2019Farrell de Maguirre.<\/p>\n<p>La Fiscal\u00eda N\u00ba 5 del Dr. Marcelo Manso orden\u00f3 que en primera instancia se le practiquen estudios m\u00e9dico a los fines de constatar lesiones, pudi\u00e9ndose constatar al menos dos. Sin embargo, seg\u00fan se pudo establecer hoy se practicar\u00e1n otros y ma\u00f1ana se llevar\u00e1  a cabo al C\u00e1mara Gesell elemento imprescindibles en estos casos.<\/p>\n<p>La Fiscal\u00eda requiri\u00f3 la detenci\u00f3n del sujeto pero el Juzgado de Garant\u00edas a cargo de la Dra. Maiztegui no hizo lugar, entendiendo que las pruebas no eran suficientes. Es por ello que se aguardan los resultados de los peritos psic\u00f3logos que tendr\u00e1n la posibilidad de indagar al ni\u00f1o sobre lo ocurrido.<\/p>\n<p>Todo habr\u00eda comenzado cuando la progenitora del menor, advirti\u00f3 cambios rotundos de personalidad y tras indagar consigui\u00f3 que el ni\u00f1o le contara sobre lo sucedido.<\/p>\n<p>Luego que se hiciera p\u00fablico en el d\u00eda de ayer, aparecieron tres casos m\u00e1s que involucran a chiquitos de alrededor de las 4 a\u00f1os de edad.<\/p>\n","protected":false},"excerpt":{"rendered":"<p>Con el correr de las horas se conocieron algunos detalles acerca del hecho ocurrido en la localidad. En principio, la denuncia fue radicada en la Comisar\u00eda de la Mujer y la Familia el lunes por la noche, por parte de la mam\u00e1 del menor de 3 a\u00f1os. En tanto que en la presentaci\u00f3n realizada se [&hellip;]<\/p>\n","protected":false},"author":4,"featured_media":18430,"comment_status":"open","ping_status":"closed","sticky":false,"template":"","format":"standard","meta":{"om_disable_all_campaigns":false,"_jetpack_memberships_contains_paid_content":false,"footnotes":""},"categories":[2,103],"tags":[],"class_list":["post-18429","post","type-post","status-publish","format-standard","has-post-thumbnail","hentry","category-locales","category-policiales-locales"],"aioseo_notices":[],"gutentor_comment":0,"jetpack_featured_media_url":"https:\/\/eldiariodesanpedro.com.ar\/sitio\/wp-content\/uploads\/2017\/05\/abuso-infantil.jpg","jetpack_shortlink":"https:\/\/wp.me\/p6RhLt-4Nf","jetpack_sharing_enabled":true,"_links":{"self":[{"href":"https:\/\/eldiariodesanpedro.com.ar\/sitio\/wp-json\/wp\/v2\/posts\/18429","targetHints":{"allow":["GET"]}}],"collection":[{"href":"https:\/\/eldiariodesanpedro.com.ar\/sitio\/wp-json\/wp\/v2\/posts"}],"about":[{"href":"https:\/\/eldiariodesanpedro.com.ar\/sitio\/wp-json\/wp\/v2\/types\/post"}],"author":[{"embeddable":true,"href":"https:\/\/eldiariodesanpedro.com.ar\/sitio\/wp-json\/wp\/v2\/users\/4"}],"replies":[{"embeddable":true,"href":"https:\/\/eldiariodesanpedro.com.ar\/sitio\/wp-json\/wp\/v2\/comments?post=18429"}],"version-history":[{"count":1,"href":"https:\/\/eldiariodesanpedro.com.ar\/sitio\/wp-json\/wp\/v2\/posts\/18429\/revisions"}],"predecessor-version":[{"id":18432,"href":"https:\/\/eldiariodesanpedro.com.ar\/sitio\/wp-json\/wp\/v2\/posts\/18429\/revisions\/18432"}],"wp:featuredmedia":[{"embeddable":true,"href":"https:\/\/eldiariodesanpedro.com.ar\/sitio\/wp-json\/wp\/v2\/media\/18430"}],"wp:attachment":[{"href":"https:\/\/eldiariodesanpedro.com.ar\/sitio\/wp-json\/wp\/v2\/media?parent=18429"}],"wp:term":[{"taxonomy":"category","embeddable":true,"href":"https:\/\/eldiariodesanpedro.com.ar\/sitio\/wp-json\/wp\/v2\/categories?post=18429"},{"taxonomy":"post_tag","embeddable":true,"href":"https:\/\/eldiariodesanpedro.com.ar\/sitio\/wp-json\/wp\/v2\/tags?post=18429"}],"curies":[{"name":"wp","href":"https:\/\/api.w.org\/{rel}","templated":true}]}}