{"id":18423,"date":"2017-05-10T20:25:37","date_gmt":"2017-05-10T23:25:37","guid":{"rendered":"https:\/\/eldiariodesanpedro.com.ar\/sitio\/?p=18423"},"modified":"2026-01-24T00:26:16","modified_gmt":"2026-01-24T03:26:16","slug":"federal-c-atletico-a-90-minutos-del-ascenso","status":"publish","type":"post","link":"https:\/\/eldiariodesanpedro.com.ar\/sitio\/federal-c-atletico-a-90-minutos-del-ascenso\/","title":{"rendered":"FEDERAL C: Atl\u00e9tico a 90 minutos del ascenso"},"content":{"rendered":"<p><!-- VideographyWP Plugin Message: Automatic video embedding prevented by plugin options. --><br \/>\n   En Baradero se jug\u00f3 el partido de ida de la regi\u00f3n Bonaerense Norte buscando un ascenso al Torneo Federal \u201cB\u201d entre Atl\u00e9tico y A.D.I.P. (Agrupaci\u00f3n Deportiva Infantil Platense) que comenzar\u00e1 a jugarse en el segundo semestre del a\u00f1o.<\/p>\n<p>  Lo gan\u00f3 Atl\u00e9tico 2 a 1, partido que comenz\u00f3 muy favorable en el resultado y en el juego, pero luego la visita le encontr\u00f3 el camino para emparejar las acciones. El triunfo fue justo, pero apretado desde el resultado. La revancha se juega el domingo pr\u00f3ximo a las 15 horas en Gonnet, La Plata. <\/p>\n<p><strong>S\u00edntesis<\/strong><\/p>\n<p>Atl\u00e9tico (2): G\u00f3mez, Sposito, Pulimeni, Schallibaum, Romero, Camacho, Ortigoza, Moreira, Chapuis, Silva y Claudio Centuri\u00f3n. DT: Gustavo Fortunato. Relevos: Brizue\u00f1o, Emanuel Centuri\u00f3n.<br \/>\nCambios: Devincenzo por C. Centuri\u00f3n, Mart\u00edn por Chapuis, Mazzuco por Moreira.<br \/>\nADIP (1): Albari\u00f1o, Vega, D\u00edaz, Esquioga, Burgos, Croce, Casas, Fabiano, Catalano, J. Mendicino y Camill\u00f3n. DT: Daniel P\u00e9rez. Relevos: Garc\u00eda y Grisolia.<br \/>\nCambios: F. Mendicino por J. Mendicino, Facaccia por Casas, Granieri por camill\u00f3n.<br \/>\nGoles: 5\u2019 Moreira (At), 21\u2019 Chapuis (At), Catalano (Adip)<br \/>\nIncidencias: 66\u2019 expulsado Bruno Vega (Adip)<br \/>\n\u00c1rbitro: Alejo Cid (Liga de Pergamino)<br \/>\nCancha: Atl\u00e9tico Baradero<\/p>\n","protected":false},"excerpt":{"rendered":"<p>En Baradero se jug\u00f3 el partido de ida de la regi\u00f3n Bonaerense Norte buscando un ascenso al Torneo Federal \u201cB\u201d entre Atl\u00e9tico y A.D.I.P. (Agrupaci\u00f3n Deportiva Infantil Platense) que comenzar\u00e1 a jugarse en el segundo semestre del a\u00f1o. Lo gan\u00f3 Atl\u00e9tico 2 a 1, partido que comenz\u00f3 muy favorable en el resultado y en el [&hellip;]<\/p>\n","protected":false},"author":4,"featured_media":18426,"comment_status":"open","ping_status":"closed","sticky":false,"template":"","format":"standard","meta":{"om_disable_all_campaigns":false,"_jetpack_memberships_contains_paid_content":false,"footnotes":""},"categories":[5],"tags":[],"class_list":["post-18423","post","type-post","status-publish","format-standard","has-post-thumbnail","hentry","category-deportes"],"aioseo_notices":[],"gutentor_comment":0,"jetpack_featured_media_url":"https:\/\/eldiariodesanpedro.com.ar\/sitio\/wp-content\/uploads\/2017\/05\/Atl\u00e9tico-dio-el-primer-paso-falta-la-revancha.jpg","jetpack_shortlink":"https:\/\/wp.me\/p6RhLt-4N9","jetpack_sharing_enabled":true,"_links":{"self":[{"href":"https:\/\/eldiariodesanpedro.com.ar\/sitio\/wp-json\/wp\/v2\/posts\/18423","targetHints":{"allow":["GET"]}}],"collection":[{"href":"https:\/\/eldiariodesanpedro.com.ar\/sitio\/wp-json\/wp\/v2\/posts"}],"about":[{"href":"https:\/\/eldiariodesanpedro.com.ar\/sitio\/wp-json\/wp\/v2\/types\/post"}],"author":[{"embeddable":true,"href":"https:\/\/eldiariodesanpedro.com.ar\/sitio\/wp-json\/wp\/v2\/users\/4"}],"replies":[{"embeddable":true,"href":"https:\/\/eldiariodesanpedro.com.ar\/sitio\/wp-json\/wp\/v2\/comments?post=18423"}],"version-history":[{"count":1,"href":"https:\/\/eldiariodesanpedro.com.ar\/sitio\/wp-json\/wp\/v2\/posts\/18423\/revisions"}],"predecessor-version":[{"id":18427,"href":"https:\/\/eldiariodesanpedro.com.ar\/sitio\/wp-json\/wp\/v2\/posts\/18423\/revisions\/18427"}],"wp:featuredmedia":[{"embeddable":true,"href":"https:\/\/eldiariodesanpedro.com.ar\/sitio\/wp-json\/wp\/v2\/media\/18426"}],"wp:attachment":[{"href":"https:\/\/eldiariodesanpedro.com.ar\/sitio\/wp-json\/wp\/v2\/media?parent=18423"}],"wp:term":[{"taxonomy":"category","embeddable":true,"href":"https:\/\/eldiariodesanpedro.com.ar\/sitio\/wp-json\/wp\/v2\/categories?post=18423"},{"taxonomy":"post_tag","embeddable":true,"href":"https:\/\/eldiariodesanpedro.com.ar\/sitio\/wp-json\/wp\/v2\/tags?post=18423"}],"curies":[{"name":"wp","href":"https:\/\/api.w.org\/{rel}","templated":true}]}}