{"id":18421,"date":"2017-05-10T20:21:55","date_gmt":"2017-05-10T23:21:55","guid":{"rendered":"https:\/\/eldiariodesanpedro.com.ar\/sitio\/?p=18421"},"modified":"2026-01-24T00:26:16","modified_gmt":"2026-01-24T03:26:16","slug":"bochas-san-pedro-definio-sus-representantes","status":"publish","type":"post","link":"https:\/\/eldiariodesanpedro.com.ar\/sitio\/bochas-san-pedro-definio-sus-representantes\/","title":{"rendered":"BOCHAS: San Pedro defini\u00f3 sus representantes"},"content":{"rendered":"<p><!-- VideographyWP Plugin Message: Automatic video embedding prevented by plugin options. --><br \/>\n  El domingo se defini\u00f3 el Selectivo de Parejas de 1ra &#8211; Categor\u00eda caballeros que organiz\u00f3 la Asociaci\u00f3n de Bochas de San Pedro. Aqu\u00ed se consagraron quienes ser\u00e1n los representantes en el Provincial de la misma especialidad los d\u00edas 10 y 11 de junio del corriente a\u00f1o en nuestra localidad. Dicha Competencia tendr\u00e1 como participantes a 15 ciudades de la Provincia de Buenos Aires, Campeonato que definir\u00e1 quien representar\u00e1 a Buenos Aires en el pr\u00f3ximo Campeonato Argentino.<\/p>\n<p>  El Club de Bochas \u201cA\u201d fue el ganador con Mart\u00edn Gonz\u00e1lez &#8211; Ariel Estecho &#8211; H\u00e9ctor Marigliano.<\/p>\n<p>  En el 2do lugar clasific\u00f3 (al haber perdido el desempate) el equipo \u201cB\u201d de Independencia F.C. y sus jugadores fueron: Leandro Gunt\u00edn \u2013 Alan Maneiro \u2013 Miguel Cao.<\/p>\n<p>  Luego se ubicaron, sin posibilidad de intervenir en dicho certamen los siguientes: <\/p>\n<p>  Club de Bochas \u201cB\u201d, Independencia \u201cA\u201d, Club SP. Am\u00e9rica \u201cB\u201d, Club SP. Am\u00e9rica \u201cA\u201d, S.E.D.A. \u201cB\u201d, Club A. Huincal\u00f3 \u201cA\u201d, Club A. Huincal\u00f3 \u201cB\u201d, S.E.D.A. \u201cA\u201d.<\/p>\n","protected":false},"excerpt":{"rendered":"<p>El domingo se defini\u00f3 el Selectivo de Parejas de 1ra &#8211; Categor\u00eda caballeros que organiz\u00f3 la Asociaci\u00f3n de Bochas de San Pedro. Aqu\u00ed se consagraron quienes ser\u00e1n los representantes en el Provincial de la misma especialidad los d\u00edas 10 y 11 de junio del corriente a\u00f1o en nuestra localidad. Dicha Competencia tendr\u00e1 como participantes a [&hellip;]<\/p>\n","protected":false},"author":4,"featured_media":18424,"comment_status":"open","ping_status":"closed","sticky":false,"template":"","format":"standard","meta":{"om_disable_all_campaigns":false,"_jetpack_memberships_contains_paid_content":false,"footnotes":""},"categories":[5],"tags":[],"class_list":["post-18421","post","type-post","status-publish","format-standard","has-post-thumbnail","hentry","category-deportes"],"aioseo_notices":[],"gutentor_comment":0,"jetpack_featured_media_url":"https:\/\/eldiariodesanpedro.com.ar\/sitio\/wp-content\/uploads\/2017\/05\/Mart\u00edn-Gonz\u00e1lez-Ariel-Estecho-H\u00e9ctor-Marigliano.jpg","jetpack_shortlink":"https:\/\/wp.me\/p6RhLt-4N7","jetpack_sharing_enabled":true,"_links":{"self":[{"href":"https:\/\/eldiariodesanpedro.com.ar\/sitio\/wp-json\/wp\/v2\/posts\/18421","targetHints":{"allow":["GET"]}}],"collection":[{"href":"https:\/\/eldiariodesanpedro.com.ar\/sitio\/wp-json\/wp\/v2\/posts"}],"about":[{"href":"https:\/\/eldiariodesanpedro.com.ar\/sitio\/wp-json\/wp\/v2\/types\/post"}],"author":[{"embeddable":true,"href":"https:\/\/eldiariodesanpedro.com.ar\/sitio\/wp-json\/wp\/v2\/users\/4"}],"replies":[{"embeddable":true,"href":"https:\/\/eldiariodesanpedro.com.ar\/sitio\/wp-json\/wp\/v2\/comments?post=18421"}],"version-history":[{"count":1,"href":"https:\/\/eldiariodesanpedro.com.ar\/sitio\/wp-json\/wp\/v2\/posts\/18421\/revisions"}],"predecessor-version":[{"id":18425,"href":"https:\/\/eldiariodesanpedro.com.ar\/sitio\/wp-json\/wp\/v2\/posts\/18421\/revisions\/18425"}],"wp:featuredmedia":[{"embeddable":true,"href":"https:\/\/eldiariodesanpedro.com.ar\/sitio\/wp-json\/wp\/v2\/media\/18424"}],"wp:attachment":[{"href":"https:\/\/eldiariodesanpedro.com.ar\/sitio\/wp-json\/wp\/v2\/media?parent=18421"}],"wp:term":[{"taxonomy":"category","embeddable":true,"href":"https:\/\/eldiariodesanpedro.com.ar\/sitio\/wp-json\/wp\/v2\/categories?post=18421"},{"taxonomy":"post_tag","embeddable":true,"href":"https:\/\/eldiariodesanpedro.com.ar\/sitio\/wp-json\/wp\/v2\/tags?post=18421"}],"curies":[{"name":"wp","href":"https:\/\/api.w.org\/{rel}","templated":true}]}}