{"id":18417,"date":"2017-05-10T20:18:54","date_gmt":"2017-05-10T23:18:54","guid":{"rendered":"https:\/\/eldiariodesanpedro.com.ar\/sitio\/?p=18417"},"modified":"2026-01-24T00:26:16","modified_gmt":"2026-01-24T03:26:16","slug":"automovilismo-tcpm-fernando-morro-iglesias-cuarto-en-la-pampa","status":"publish","type":"post","link":"https:\/\/eldiariodesanpedro.com.ar\/sitio\/automovilismo-tcpm-fernando-morro-iglesias-cuarto-en-la-pampa\/","title":{"rendered":"AUTOMOVILISMO TCPM: Fernando \u201cmorro\u201d Iglesias cuarto en La Pampa"},"content":{"rendered":"<p><!-- VideographyWP Plugin Message: Automatic video embedding prevented by plugin options. --><br \/>\n  Termin\u00f3 el fin de semana de manera positiva para el sampedrino Fernando \u00abmorro\u00bb Iglesias en el TCPM. La prueba llevada a cabo en el Aut\u00f3dromo de Toay en La Pampa, ya en d\u00eda s\u00e1bado, \u201cmorro\u201d lograba el sexto lugar en la clasificaci\u00f3n, donde luego de las modificaciones y trabajos hechos, cont\u00f3 con su auto propio que le permit\u00eda ser el m\u00e1s r\u00e1pido en velocidad de recta final de todos los autos compitiendo.<\/p>\n<p>  La esperanza de estar adelante comenzaba a aparecer en la grilla de largada de la final, siendo una carrera donde demostr\u00f3 un manejo defensivo y a la vez ofensivo. Producto de un toque hacia el piloto, se le desaline\u00f3 el auto y a partir de \u00e9ste obtuvo una cuarta colocaci\u00f3n en el clasificador final.<\/p>\n<p>  Finalmente, Iglesias pudo sumar importantes puntos para el Campeonato, ascendiendo a la posici\u00f3n 11\u00b0 con 106 puntos, y entrando dentro del Play Off de la categor\u00eda.<\/p>\n<p>  La pr\u00f3xima Fecha ser\u00e1 el 21 de mayo con escenario a confirmar.<br \/>\n(Qendresa Solmi)<\/p>\n","protected":false},"excerpt":{"rendered":"<p>Termin\u00f3 el fin de semana de manera positiva para el sampedrino Fernando \u00abmorro\u00bb Iglesias en el TCPM. La prueba llevada a cabo en el Aut\u00f3dromo de Toay en La Pampa, ya en d\u00eda s\u00e1bado, \u201cmorro\u201d lograba el sexto lugar en la clasificaci\u00f3n, donde luego de las modificaciones y trabajos hechos, cont\u00f3 con su auto propio [&hellip;]<\/p>\n","protected":false},"author":4,"featured_media":18420,"comment_status":"open","ping_status":"closed","sticky":false,"template":"","format":"standard","meta":{"om_disable_all_campaigns":false,"_jetpack_memberships_contains_paid_content":false,"footnotes":""},"categories":[5],"tags":[],"class_list":["post-18417","post","type-post","status-publish","format-standard","has-post-thumbnail","hentry","category-deportes"],"aioseo_notices":[],"gutentor_comment":0,"jetpack_featured_media_url":"https:\/\/eldiariodesanpedro.com.ar\/sitio\/wp-content\/uploads\/2017\/05\/Iglesias-tuvo-un-fin-de-semana-positivo-foto-facebook.jpg","jetpack_shortlink":"https:\/\/wp.me\/p6RhLt-4N3","jetpack_sharing_enabled":true,"_links":{"self":[{"href":"https:\/\/eldiariodesanpedro.com.ar\/sitio\/wp-json\/wp\/v2\/posts\/18417","targetHints":{"allow":["GET"]}}],"collection":[{"href":"https:\/\/eldiariodesanpedro.com.ar\/sitio\/wp-json\/wp\/v2\/posts"}],"about":[{"href":"https:\/\/eldiariodesanpedro.com.ar\/sitio\/wp-json\/wp\/v2\/types\/post"}],"author":[{"embeddable":true,"href":"https:\/\/eldiariodesanpedro.com.ar\/sitio\/wp-json\/wp\/v2\/users\/4"}],"replies":[{"embeddable":true,"href":"https:\/\/eldiariodesanpedro.com.ar\/sitio\/wp-json\/wp\/v2\/comments?post=18417"}],"version-history":[{"count":1,"href":"https:\/\/eldiariodesanpedro.com.ar\/sitio\/wp-json\/wp\/v2\/posts\/18417\/revisions"}],"predecessor-version":[{"id":18422,"href":"https:\/\/eldiariodesanpedro.com.ar\/sitio\/wp-json\/wp\/v2\/posts\/18417\/revisions\/18422"}],"wp:featuredmedia":[{"embeddable":true,"href":"https:\/\/eldiariodesanpedro.com.ar\/sitio\/wp-json\/wp\/v2\/media\/18420"}],"wp:attachment":[{"href":"https:\/\/eldiariodesanpedro.com.ar\/sitio\/wp-json\/wp\/v2\/media?parent=18417"}],"wp:term":[{"taxonomy":"category","embeddable":true,"href":"https:\/\/eldiariodesanpedro.com.ar\/sitio\/wp-json\/wp\/v2\/categories?post=18417"},{"taxonomy":"post_tag","embeddable":true,"href":"https:\/\/eldiariodesanpedro.com.ar\/sitio\/wp-json\/wp\/v2\/tags?post=18417"}],"curies":[{"name":"wp","href":"https:\/\/api.w.org\/{rel}","templated":true}]}}