{"id":18226,"date":"2017-05-07T18:12:28","date_gmt":"2017-05-07T21:12:28","guid":{"rendered":"https:\/\/eldiariodesanpedro.com.ar\/sitio\/?p=18226"},"modified":"2017-05-07T18:12:28","modified_gmt":"2017-05-07T21:12:28","slug":"incendio-de-automovil-en-la-via-publica","status":"publish","type":"post","link":"https:\/\/eldiariodesanpedro.com.ar\/sitio\/incendio-de-automovil-en-la-via-publica\/","title":{"rendered":"Incendio de autom\u00f3vil en la v\u00eda p\u00fablica"},"content":{"rendered":"<p><!-- VideographyWP Plugin Message: Automatic video embedding prevented by plugin options. --><br \/>\n  El siniestro se produjo el viernes en Balcarce al 600. Una dotaci\u00f3n del cuerpo de Bomberos Voluntarios debi\u00f3 intervenir en el incendio que se hab\u00eda generado en un autom\u00f3vil marca Honda Accord que se hallaba estacionado.<\/p>\n<p>  Se desconocen los motivos por los cuales se gener\u00f3 el fuego, es por ello que la UFI N\u00ba5 solicit\u00f3 las pericias a Bomberos de la Polic\u00eda de San Pedro.<\/p>\n","protected":false},"excerpt":{"rendered":"<p>El siniestro se produjo el viernes en Balcarce al 600. Una dotaci\u00f3n del cuerpo de Bomberos Voluntarios debi\u00f3 intervenir en el incendio que se hab\u00eda generado en un autom\u00f3vil marca Honda Accord que se hallaba estacionado. Se desconocen los motivos por los cuales se gener\u00f3 el fuego, es por ello que la UFI N\u00ba5 solicit\u00f3 [&hellip;]<\/p>\n","protected":false},"author":4,"featured_media":18227,"comment_status":"open","ping_status":"closed","sticky":false,"template":"","format":"standard","meta":{"om_disable_all_campaigns":false,"_jetpack_memberships_contains_paid_content":false,"footnotes":""},"categories":[2,103],"tags":[],"class_list":["post-18226","post","type-post","status-publish","format-standard","has-post-thumbnail","hentry","category-locales","category-policiales-locales"],"aioseo_notices":[],"gutentor_comment":0,"jetpack_featured_media_url":"https:\/\/eldiariodesanpedro.com.ar\/sitio\/wp-content\/uploads\/2017\/05\/bomberos-san-pedro-1.jpg","jetpack_shortlink":"https:\/\/wp.me\/p6RhLt-4JY","jetpack_sharing_enabled":true,"_links":{"self":[{"href":"https:\/\/eldiariodesanpedro.com.ar\/sitio\/wp-json\/wp\/v2\/posts\/18226","targetHints":{"allow":["GET"]}}],"collection":[{"href":"https:\/\/eldiariodesanpedro.com.ar\/sitio\/wp-json\/wp\/v2\/posts"}],"about":[{"href":"https:\/\/eldiariodesanpedro.com.ar\/sitio\/wp-json\/wp\/v2\/types\/post"}],"author":[{"embeddable":true,"href":"https:\/\/eldiariodesanpedro.com.ar\/sitio\/wp-json\/wp\/v2\/users\/4"}],"replies":[{"embeddable":true,"href":"https:\/\/eldiariodesanpedro.com.ar\/sitio\/wp-json\/wp\/v2\/comments?post=18226"}],"version-history":[{"count":1,"href":"https:\/\/eldiariodesanpedro.com.ar\/sitio\/wp-json\/wp\/v2\/posts\/18226\/revisions"}],"predecessor-version":[{"id":18230,"href":"https:\/\/eldiariodesanpedro.com.ar\/sitio\/wp-json\/wp\/v2\/posts\/18226\/revisions\/18230"}],"wp:featuredmedia":[{"embeddable":true,"href":"https:\/\/eldiariodesanpedro.com.ar\/sitio\/wp-json\/wp\/v2\/media\/18227"}],"wp:attachment":[{"href":"https:\/\/eldiariodesanpedro.com.ar\/sitio\/wp-json\/wp\/v2\/media?parent=18226"}],"wp:term":[{"taxonomy":"category","embeddable":true,"href":"https:\/\/eldiariodesanpedro.com.ar\/sitio\/wp-json\/wp\/v2\/categories?post=18226"},{"taxonomy":"post_tag","embeddable":true,"href":"https:\/\/eldiariodesanpedro.com.ar\/sitio\/wp-json\/wp\/v2\/tags?post=18226"}],"curies":[{"name":"wp","href":"https:\/\/api.w.org\/{rel}","templated":true}]}}