{"id":18223,"date":"2017-05-07T18:01:44","date_gmt":"2017-05-07T21:01:44","guid":{"rendered":"https:\/\/eldiariodesanpedro.com.ar\/sitio\/?p=18223"},"modified":"2017-05-07T18:01:44","modified_gmt":"2017-05-07T21:01:44","slug":"con-un-piedrazo-rompieron-uno-de-los-vidrios-de-un-movil-policial","status":"publish","type":"post","link":"https:\/\/eldiariodesanpedro.com.ar\/sitio\/con-un-piedrazo-rompieron-uno-de-los-vidrios-de-un-movil-policial\/","title":{"rendered":"Con un \u00abpiedrazo\u00bb rompieron uno de los vidrios de un m\u00f3vil policial"},"content":{"rendered":"<p><!-- VideographyWP Plugin Message: Automatic video embedding prevented by plugin options. --><br \/>\nEl s\u00e1bado a la madrugada, en Pellegrini y Rafael de Obligado, personal de Inspecci\u00f3n Municipal debi\u00f3 reducir un joven de 17 a\u00f1os que instantes antes hab\u00eda arrojado piedras a uno de los m\u00f3viles municipales produciendo la rotura de uno de sus vidrios.<\/p>\n<p>  La Polic\u00eda procedi\u00f3 a su aprehensi\u00f3n, por lo que fue trasladado a la Seccional Policial. La UFI del Joven San Nicol\u00e1s dispuso la notificaci\u00f3n del Art\u00edculo 36 de la Ley 13.634, y posterior entrega a sus progenitores.<\/p>\n","protected":false},"excerpt":{"rendered":"<p>El s\u00e1bado a la madrugada, en Pellegrini y Rafael de Obligado, personal de Inspecci\u00f3n Municipal debi\u00f3 reducir un joven de 17 a\u00f1os que instantes antes hab\u00eda arrojado piedras a uno de los m\u00f3viles municipales produciendo la rotura de uno de sus vidrios. La Polic\u00eda procedi\u00f3 a su aprehensi\u00f3n, por lo que fue trasladado a la [&hellip;]<\/p>\n","protected":false},"author":4,"featured_media":592,"comment_status":"open","ping_status":"closed","sticky":false,"template":"","format":"standard","meta":{"om_disable_all_campaigns":false,"_jetpack_memberships_contains_paid_content":false,"footnotes":""},"categories":[2,103],"tags":[],"class_list":["post-18223","post","type-post","status-publish","format-standard","has-post-thumbnail","hentry","category-locales","category-policiales-locales"],"aioseo_notices":[],"gutentor_comment":0,"jetpack_featured_media_url":"https:\/\/eldiariodesanpedro.com.ar\/sitio\/wp-content\/uploads\/2015\/11\/detenido-esposado-620x413.jpg","jetpack_shortlink":"https:\/\/wp.me\/p6RhLt-4JV","jetpack_sharing_enabled":true,"_links":{"self":[{"href":"https:\/\/eldiariodesanpedro.com.ar\/sitio\/wp-json\/wp\/v2\/posts\/18223","targetHints":{"allow":["GET"]}}],"collection":[{"href":"https:\/\/eldiariodesanpedro.com.ar\/sitio\/wp-json\/wp\/v2\/posts"}],"about":[{"href":"https:\/\/eldiariodesanpedro.com.ar\/sitio\/wp-json\/wp\/v2\/types\/post"}],"author":[{"embeddable":true,"href":"https:\/\/eldiariodesanpedro.com.ar\/sitio\/wp-json\/wp\/v2\/users\/4"}],"replies":[{"embeddable":true,"href":"https:\/\/eldiariodesanpedro.com.ar\/sitio\/wp-json\/wp\/v2\/comments?post=18223"}],"version-history":[{"count":1,"href":"https:\/\/eldiariodesanpedro.com.ar\/sitio\/wp-json\/wp\/v2\/posts\/18223\/revisions"}],"predecessor-version":[{"id":18225,"href":"https:\/\/eldiariodesanpedro.com.ar\/sitio\/wp-json\/wp\/v2\/posts\/18223\/revisions\/18225"}],"wp:featuredmedia":[{"embeddable":true,"href":"https:\/\/eldiariodesanpedro.com.ar\/sitio\/wp-json\/wp\/v2\/media\/592"}],"wp:attachment":[{"href":"https:\/\/eldiariodesanpedro.com.ar\/sitio\/wp-json\/wp\/v2\/media?parent=18223"}],"wp:term":[{"taxonomy":"category","embeddable":true,"href":"https:\/\/eldiariodesanpedro.com.ar\/sitio\/wp-json\/wp\/v2\/categories?post=18223"},{"taxonomy":"post_tag","embeddable":true,"href":"https:\/\/eldiariodesanpedro.com.ar\/sitio\/wp-json\/wp\/v2\/tags?post=18223"}],"curies":[{"name":"wp","href":"https:\/\/api.w.org\/{rel}","templated":true}]}}