{"id":18221,"date":"2017-05-07T18:01:28","date_gmt":"2017-05-07T21:01:28","guid":{"rendered":"https:\/\/eldiariodesanpedro.com.ar\/sitio\/?p=18221"},"modified":"2017-05-07T18:01:28","modified_gmt":"2017-05-07T21:01:28","slug":"accidente-una-camioneta-colisiono-a-tres-personas","status":"publish","type":"post","link":"https:\/\/eldiariodesanpedro.com.ar\/sitio\/accidente-una-camioneta-colisiono-a-tres-personas\/","title":{"rendered":"Accidente: Una camioneta colision\u00f3 a tres personas"},"content":{"rendered":"<p><!-- VideographyWP Plugin Message: Automatic video embedding prevented by plugin options. --><br \/>\n  El incidente se produjo en San Mart\u00edn y Sarmiento. En ese lugar, por causas que se tratan de establecer, una camioneta que era guiada por un hombre de 43 a\u00f1os impact\u00f3 a una pareja de unos 20 a\u00f1os de edad que cruzaban la calle junto a su hijo de 4 a\u00f1os.<\/p>\n<p>  Luego de ello, el conductor del rodado y el joven se trenzaron en una pelea a golpes de pu\u00f1o, sufriendo el mayor, heridas de car\u00e1cter leves.<\/p>\n<p>  La UFI N\u00b05 dispuso que el hecho sea caratulado como Lesiones Culposas y lesiones dolosas. Adem\u00e1s, se secuestr\u00f3 el rodado.<\/p>\n","protected":false},"excerpt":{"rendered":"<p>El incidente se produjo en San Mart\u00edn y Sarmiento. En ese lugar, por causas que se tratan de establecer, una camioneta que era guiada por un hombre de 43 a\u00f1os impact\u00f3 a una pareja de unos 20 a\u00f1os de edad que cruzaban la calle junto a su hijo de 4 a\u00f1os. Luego de ello, el [&hellip;]<\/p>\n","protected":false},"author":4,"featured_media":8004,"comment_status":"open","ping_status":"closed","sticky":false,"template":"","format":"standard","meta":{"om_disable_all_campaigns":false,"_jetpack_memberships_contains_paid_content":false,"footnotes":""},"categories":[2,103],"tags":[],"class_list":["post-18221","post","type-post","status-publish","format-standard","has-post-thumbnail","hentry","category-locales","category-policiales-locales"],"aioseo_notices":[],"gutentor_comment":0,"jetpack_featured_media_url":"https:\/\/eldiariodesanpedro.com.ar\/sitio\/wp-content\/uploads\/2016\/09\/PAGINA-3-7.jpg","jetpack_shortlink":"https:\/\/wp.me\/p6RhLt-4JT","jetpack_sharing_enabled":true,"_links":{"self":[{"href":"https:\/\/eldiariodesanpedro.com.ar\/sitio\/wp-json\/wp\/v2\/posts\/18221","targetHints":{"allow":["GET"]}}],"collection":[{"href":"https:\/\/eldiariodesanpedro.com.ar\/sitio\/wp-json\/wp\/v2\/posts"}],"about":[{"href":"https:\/\/eldiariodesanpedro.com.ar\/sitio\/wp-json\/wp\/v2\/types\/post"}],"author":[{"embeddable":true,"href":"https:\/\/eldiariodesanpedro.com.ar\/sitio\/wp-json\/wp\/v2\/users\/4"}],"replies":[{"embeddable":true,"href":"https:\/\/eldiariodesanpedro.com.ar\/sitio\/wp-json\/wp\/v2\/comments?post=18221"}],"version-history":[{"count":1,"href":"https:\/\/eldiariodesanpedro.com.ar\/sitio\/wp-json\/wp\/v2\/posts\/18221\/revisions"}],"predecessor-version":[{"id":18224,"href":"https:\/\/eldiariodesanpedro.com.ar\/sitio\/wp-json\/wp\/v2\/posts\/18221\/revisions\/18224"}],"wp:featuredmedia":[{"embeddable":true,"href":"https:\/\/eldiariodesanpedro.com.ar\/sitio\/wp-json\/wp\/v2\/media\/8004"}],"wp:attachment":[{"href":"https:\/\/eldiariodesanpedro.com.ar\/sitio\/wp-json\/wp\/v2\/media?parent=18221"}],"wp:term":[{"taxonomy":"category","embeddable":true,"href":"https:\/\/eldiariodesanpedro.com.ar\/sitio\/wp-json\/wp\/v2\/categories?post=18221"},{"taxonomy":"post_tag","embeddable":true,"href":"https:\/\/eldiariodesanpedro.com.ar\/sitio\/wp-json\/wp\/v2\/tags?post=18221"}],"curies":[{"name":"wp","href":"https:\/\/api.w.org\/{rel}","templated":true}]}}