{"id":18214,"date":"2017-05-05T20:18:51","date_gmt":"2017-05-05T23:18:51","guid":{"rendered":"https:\/\/eldiariodesanpedro.com.ar\/sitio\/?p=18214"},"modified":"2026-01-24T00:26:20","modified_gmt":"2026-01-24T03:26:20","slug":"federal-b-atletico-en-180-minutos-definitorios-para-el-ascenso","status":"publish","type":"post","link":"https:\/\/eldiariodesanpedro.com.ar\/sitio\/federal-b-atletico-en-180-minutos-definitorios-para-el-ascenso\/","title":{"rendered":"FEDERAL B: Atl\u00e9tico en 180 minutos definitorios para el ascenso"},"content":{"rendered":"<p><!-- VideographyWP Plugin Message: Automatic video embedding prevented by plugin options. --><br \/>\n  Momento hist\u00f3rico para la centenaria instituci\u00f3n de Baradero y para la Liga de esa localidad (podr\u00eda tener dos equipos en el Federal B donde Sportivo lleva tres temporadas). <\/p>\n<p>  Es que Atl\u00e9tico Baradero est\u00e1 a 180 minutos del ascenso al Federal \u00abB\u00bb. Claro est\u00e1, que deber\u00e1 superar a ADIP de Gonnet, equipo que milita en la Liga Platense de F\u00fatbol y que tambi\u00e9n llega con una buena campa\u00f1a a esta instancia.<\/p>\n<p>  El elenco que conduce el sampedrino Gustavo Fortunato viene de dejar atr\u00e1s a rivales fuertes de la zona como Somisa y Matienzo en la etapa final y se encontrar\u00e1 con un equipo del cual poco se conoce, pero que sin dudas por estar en esta instancia ser\u00e1 de riesgo. No contar\u00e1 con dos valores importantes en el esquema como Carreras y Luna, ambos expulsados en el partido revancha con el equipo de Ramallo.<\/p>\n<p>  El primer juego es en el \u00abCarlos Asali\u00bb el pr\u00f3ximo domingo a las 19.00 horas con el arbitraje del pergaminense Alejo Cid.<\/p>\n","protected":false},"excerpt":{"rendered":"<p>Momento hist\u00f3rico para la centenaria instituci\u00f3n de Baradero y para la Liga de esa localidad (podr\u00eda tener dos equipos en el Federal B donde Sportivo lleva tres temporadas). Es que Atl\u00e9tico Baradero est\u00e1 a 180 minutos del ascenso al Federal \u00abB\u00bb. Claro est\u00e1, que deber\u00e1 superar a ADIP de Gonnet, equipo que milita en la [&hellip;]<\/p>\n","protected":false},"author":4,"featured_media":0,"comment_status":"open","ping_status":"closed","sticky":false,"template":"","format":"standard","meta":{"om_disable_all_campaigns":false,"_jetpack_memberships_contains_paid_content":false,"footnotes":""},"categories":[5],"tags":[],"class_list":["post-18214","post","type-post","status-publish","format-standard","hentry","category-deportes"],"aioseo_notices":[],"gutentor_comment":0,"jetpack_featured_media_url":"","jetpack_shortlink":"https:\/\/wp.me\/p6RhLt-4JM","jetpack_sharing_enabled":true,"_links":{"self":[{"href":"https:\/\/eldiariodesanpedro.com.ar\/sitio\/wp-json\/wp\/v2\/posts\/18214","targetHints":{"allow":["GET"]}}],"collection":[{"href":"https:\/\/eldiariodesanpedro.com.ar\/sitio\/wp-json\/wp\/v2\/posts"}],"about":[{"href":"https:\/\/eldiariodesanpedro.com.ar\/sitio\/wp-json\/wp\/v2\/types\/post"}],"author":[{"embeddable":true,"href":"https:\/\/eldiariodesanpedro.com.ar\/sitio\/wp-json\/wp\/v2\/users\/4"}],"replies":[{"embeddable":true,"href":"https:\/\/eldiariodesanpedro.com.ar\/sitio\/wp-json\/wp\/v2\/comments?post=18214"}],"version-history":[{"count":1,"href":"https:\/\/eldiariodesanpedro.com.ar\/sitio\/wp-json\/wp\/v2\/posts\/18214\/revisions"}],"predecessor-version":[{"id":18215,"href":"https:\/\/eldiariodesanpedro.com.ar\/sitio\/wp-json\/wp\/v2\/posts\/18214\/revisions\/18215"}],"wp:attachment":[{"href":"https:\/\/eldiariodesanpedro.com.ar\/sitio\/wp-json\/wp\/v2\/media?parent=18214"}],"wp:term":[{"taxonomy":"category","embeddable":true,"href":"https:\/\/eldiariodesanpedro.com.ar\/sitio\/wp-json\/wp\/v2\/categories?post=18214"},{"taxonomy":"post_tag","embeddable":true,"href":"https:\/\/eldiariodesanpedro.com.ar\/sitio\/wp-json\/wp\/v2\/tags?post=18214"}],"curies":[{"name":"wp","href":"https:\/\/api.w.org\/{rel}","templated":true}]}}