{"id":18210,"date":"2017-05-05T20:09:56","date_gmt":"2017-05-05T23:09:56","guid":{"rendered":"https:\/\/eldiariodesanpedro.com.ar\/sitio\/?p=18210"},"modified":"2026-01-24T00:26:20","modified_gmt":"2026-01-24T03:26:20","slug":"futbol-local-hoy-con-el-clasico-parana-mitre-se-da-inicio-a-la-sexta-fecha","status":"publish","type":"post","link":"https:\/\/eldiariodesanpedro.com.ar\/sitio\/futbol-local-hoy-con-el-clasico-parana-mitre-se-da-inicio-a-la-sexta-fecha\/","title":{"rendered":"F\u00daTBOL LOCAL: Hoy con el cl\u00e1sico Paran\u00e1 &#8211; Mitre se da inicio a la sexta fecha"},"content":{"rendered":"<p><!-- VideographyWP Plugin Message: Automatic video embedding prevented by plugin options. --><br \/>\nLa pr\u00f3xima fecha (6\u00b0) del Apertura se juega entre s\u00e1bado y domingo, disputando el cl\u00e1sico el s\u00e1bado en el \u00abJorge D. Su\u00e1rez\u00bb de Paran\u00e1 F.C.<\/p>\n<p> <strong> Zona A<\/strong><br \/>\nDomingo 7 de mayo &#8211; 12.30 hs. (6ta), 14.00 hs. (2da) y 15.45 hs. (1ra)<br \/>\nC. A. Banfield vs. Gral. San Mart\u00edn (en Estadio Municipal)<br \/>\nAgricultores Club vs. Sp. La Esperanza<br \/>\nLibre: Independencia F. C.<\/p>\n<p>  <strong>Zona B <\/strong><br \/>\nDomingo 7 de mayo &#8211; 12.30 hs. (6ta), 14.00 hs. (2da) y 15.45 hs. (1ra)<br \/>\nC. A. Defensores Unidos vs. C. S. Am\u00e9rica<\/p>\n<p>Domingo 7 de mayo &#8211; 13.00 hs. (6ta), 14.30 hs. (2da) y 16.15 hs. (1ra)<br \/>\nSan Roque F.C. vs. C. S. Las Palmeras (en Las Palmeras)<br \/>\nLibre: C. D. Central C\u00f3rdoba<\/p>\n<p><strong>Cl\u00e1sico A y B<\/strong><br \/>\nS\u00e1bado 6 de mayo: Paran\u00e1 F.C. vs. C.A. Mitre<\/p>\n<p><strong>Divisiones Intermedias<\/strong><br \/>\n<strong>Pr\u00f3xima fecha (6\u00b0)<\/strong><\/p>\n<p>  <strong>Zona \u00abA\u00bb<\/strong><br \/>\nS\u00e1bado 6 de mayo &#8211; 13.00 hs. (5ta), 14.30 hs. (4ta) y 16.00 hs. (3ra)<br \/>\nGral. San Mart\u00edn vs. Banfield<br \/>\nLa Esperanza vs. Agricultores <\/p>\n<p>  <strong>Zona \u00abB\u00bb<\/strong><br \/>\nS\u00e1bado 6 de mayo &#8211; 13.00 hs. (5ta), 14.30 hs. (4ta) y 16.00 hs. (3ra)<br \/>\nAm\u00e9rica vs. Def. Unidos (en Independencia FC)<\/p>\n<p>Domingo 7 de mayo &#8211; 10.00 hs. (5ta) y 11.30 hs. (4ta)<br \/>\nLas Palmeras vs. San Roque F.C. (en Las Palmeras)<\/p>\n<p><strong>Cl\u00e1sico \u00abA\u00bb y \u00abB\u00bb<\/strong><br \/>\nDomingo 7 de mayo &#8211; 13.00 hs. (5ta), 14.30 hs. (4ta) y 16.00 hs. (3ra)<br \/>\nMitre vs. Paran\u00e1 F.C. (en La Esperanza)<\/p>\n<p><strong>Haciendo historia\u2026<\/strong><\/p>\n<p>  Tal vez el cl\u00e1sico con mayor historia del f\u00fatbol local, por ello y m\u00e1s all\u00e1 del lugar que ocupen en la tabla de posiciones siempre tiene su atractivo. Es un campeonato aparte, ganar es salvar en parte la temporada, por eso la pr\u00f3xima edici\u00f3n a jugarse el s\u00e1bado venidero tiene su importancia.<br \/>\n  Para Paran\u00e1 que a\u00fan tiene chances, los tres puntos tienen su peso. Para Mitre hacer debutar a varios de sus juveniles en el partido m\u00e1s importante de su Club y tratar que su rival deportivo no sume.<\/p>\n<p><strong>Historia<\/strong><\/p>\n<p>  El Cl\u00e1sico Sampedrino, l\u00edder en la informaci\u00f3n del f\u00fatbol local, hace un repaso en la historia, desde 1983 a la actualidad.<br \/>\n  Jugaron en 63 ocasiones, logrando el \u00abalbirojo\u00bb 26 triunfos con 102 goles, 17 del \u00abrojo\u00bb con 76 goles y 20 igualdad. <\/p>\n<p>  La mayor goleada fue para Paran\u00e1 en 1998 (7-0) y el partido con mayor cantidad de goles fue 7-2 (1984) y 5-4 (1988), siempre a favor de Paran\u00e1. <\/p>\n<p>  En 1983 Mitre le gana al \u00abalbi\u00bb en su cancha 2-1 y desde all\u00ed debi\u00f3 pasar varios a\u00f1os para poder vencer a su cl\u00e1sico rival, lo que ocurri\u00f3 en 1989 (3-2) en el cual hubo 10 cl\u00e1sicos consecutivos para Paran\u00e1 y la siguiente racha de Paran\u00e1 fue de 21 partidos a su favor entre 1993 y 2008.  Mitre tuvo una racha de 8 cotejos sin derrotas entre 1989 y 1993 y de 9 partidos entre 2010 y 2012.<\/p>\n<p>  En 1981 no se enfrentaron ya que Paran\u00e1 jug\u00f3 en el ascenso y en 1985 porque lo jug\u00f3 Mitre. <\/p>\n<p>  En los a\u00f1os 2005 y 2006 no se enfrentaron por estar en diferentes zonas.<\/p>\n<p>  En 2000 Mitre no particip\u00f3 del torneo liguista.<\/p>\n","protected":false},"excerpt":{"rendered":"<p>La pr\u00f3xima fecha (6\u00b0) del Apertura se juega entre s\u00e1bado y domingo, disputando el cl\u00e1sico el s\u00e1bado en el \u00abJorge D. Su\u00e1rez\u00bb de Paran\u00e1 F.C. Zona A Domingo 7 de mayo &#8211; 12.30 hs. (6ta), 14.00 hs. (2da) y 15.45 hs. (1ra) C. A. Banfield vs. Gral. San Mart\u00edn (en Estadio Municipal) Agricultores Club vs. [&hellip;]<\/p>\n","protected":false},"author":4,"featured_media":12943,"comment_status":"open","ping_status":"closed","sticky":false,"template":"","format":"standard","meta":{"om_disable_all_campaigns":false,"_jetpack_memberships_contains_paid_content":false,"footnotes":""},"categories":[5],"tags":[],"class_list":["post-18210","post","type-post","status-publish","format-standard","has-post-thumbnail","hentry","category-deportes"],"aioseo_notices":[],"gutentor_comment":0,"jetpack_featured_media_url":"https:\/\/eldiariodesanpedro.com.ar\/sitio\/wp-content\/uploads\/2017\/01\/futbol.jpg","jetpack_shortlink":"https:\/\/wp.me\/p6RhLt-4JI","jetpack_sharing_enabled":true,"_links":{"self":[{"href":"https:\/\/eldiariodesanpedro.com.ar\/sitio\/wp-json\/wp\/v2\/posts\/18210","targetHints":{"allow":["GET"]}}],"collection":[{"href":"https:\/\/eldiariodesanpedro.com.ar\/sitio\/wp-json\/wp\/v2\/posts"}],"about":[{"href":"https:\/\/eldiariodesanpedro.com.ar\/sitio\/wp-json\/wp\/v2\/types\/post"}],"author":[{"embeddable":true,"href":"https:\/\/eldiariodesanpedro.com.ar\/sitio\/wp-json\/wp\/v2\/users\/4"}],"replies":[{"embeddable":true,"href":"https:\/\/eldiariodesanpedro.com.ar\/sitio\/wp-json\/wp\/v2\/comments?post=18210"}],"version-history":[{"count":1,"href":"https:\/\/eldiariodesanpedro.com.ar\/sitio\/wp-json\/wp\/v2\/posts\/18210\/revisions"}],"predecessor-version":[{"id":18211,"href":"https:\/\/eldiariodesanpedro.com.ar\/sitio\/wp-json\/wp\/v2\/posts\/18210\/revisions\/18211"}],"wp:featuredmedia":[{"embeddable":true,"href":"https:\/\/eldiariodesanpedro.com.ar\/sitio\/wp-json\/wp\/v2\/media\/12943"}],"wp:attachment":[{"href":"https:\/\/eldiariodesanpedro.com.ar\/sitio\/wp-json\/wp\/v2\/media?parent=18210"}],"wp:term":[{"taxonomy":"category","embeddable":true,"href":"https:\/\/eldiariodesanpedro.com.ar\/sitio\/wp-json\/wp\/v2\/categories?post=18210"},{"taxonomy":"post_tag","embeddable":true,"href":"https:\/\/eldiariodesanpedro.com.ar\/sitio\/wp-json\/wp\/v2\/tags?post=18210"}],"curies":[{"name":"wp","href":"https:\/\/api.w.org\/{rel}","templated":true}]}}