{"id":18208,"date":"2017-05-05T20:03:40","date_gmt":"2017-05-05T23:03:40","guid":{"rendered":"https:\/\/eldiariodesanpedro.com.ar\/sitio\/?p=18208"},"modified":"2026-01-24T00:26:20","modified_gmt":"2026-01-24T03:26:20","slug":"ciclismo-no-fue-la-labor-esperada-para-los-sampedrinos-en-el-argentino-de-ruta","status":"publish","type":"post","link":"https:\/\/eldiariodesanpedro.com.ar\/sitio\/ciclismo-no-fue-la-labor-esperada-para-los-sampedrinos-en-el-argentino-de-ruta\/","title":{"rendered":"CICLISMO: No fue la labor esperada para los sampedrinos en el Argentino de Ruta"},"content":{"rendered":"<p><!-- VideographyWP Plugin Message: Automatic video embedding prevented by plugin options. --><br \/>\nCulmin\u00f3 el Campeonato Argentino de Ciclismo en Ruta: Master, Promocional y Damas, Jun\u00edn 2017 realizado en el Aut\u00f3dromo \u00abEusebio Marsilla\u00bb. Circuito de 4.200 m organizado por la Asociaci\u00f3n Ciclista Juninense y fiscalizado por la Federaci\u00f3n Argentina Ciclismo Pista y Ruta. <\/p>\n<p>  Comenz\u00f3 con el Congresillo T\u00e9cnico el Jueves 27 en la instalaciones de la Direcci\u00f3n de Deportes y la actividad competitiva dio inicio con las pruebas Contra Reloj Individual. Viernes 28 por la ma\u00f1ana y de forma continua hasta la permanencia de la luz natural, el viento acompa\u00f1\u00f3 a lo largo de los tres d\u00edas a este Campeonato que cont\u00f3 con la participaci\u00f3n de m\u00e1s de 950 corredores, incluidos los 23 Sampedrinos.<\/p>\n<p>  Circuito duro, competencias de grandes pelotones que viajaban a los palos, sembrando ciclistas vuelta tras vueltas, de un promedio de 150 aprontados en el punto de partida, solo cubr\u00edan la distancia pactada, alrededor de 40 o 50 voluntades.<\/p>\n<p>  Nuestros representantes esta vez no pudieron hacer podio y los m\u00e1s destacados en las clasificaciones generales, resultaron: Pablo Mallo y Jos\u00e9 E. Villarruel: Sexto y noveno respectivamente en la Contra Reloj, ambos en Master \u00abB-2\u00bb.<\/p>\n<p>Podios<\/p>\n<p>CRI PROMOCIONAL<br \/>\nCAMPE\u00d3N: Marcos Rojo (Balcarce) 20\u201934\u201d440<br \/>\nSUB CAMPE\u00d3N: Gonzalo Deheza (Jun\u00edn) 21\u201950\u201d720<br \/>\nTERCERO: Juan Prieto (San Juan) 21\u201951\u2019929<br \/>\nParticiparon de San Pedro: Camilo Mondinali \u2013 Pablo Peralta.<\/p>\n<p>CRI MASTER B-2<br \/>\nCAMPE\u00d3N: Daniel Ricardo Del Barco (San Carlos) 26\u201945\u201d968<br \/>\nSUB CAMPE\u00d3N: Adri\u00e1n A Sirro (Santa Fe) 26\u201947\u201d841<br \/>\nTERCERO: Eduardo Leguizam\u00f3n (Roque P\u00e9rez) 27\u201940\u2019841<br \/>\nParticiparon de San Pedro: Pablo Mallo \u2013 Jos\u00e9 E. Villarruel <\/p>\n<p>PELOT\u00d3N PROMOCIONALES   67,200 Kms.  1h.36\u201943\u201d<br \/>\nCAMPE\u00d3N: Danilo Tob\u00edas Badesso (La Rioja)<br \/>\nSUB CAMPE\u00d3N: Federico Nicol\u00e1s Raboso (Salto)<br \/>\nTERCERO: Juan Alejandro Diaz (Olavarria)<br \/>\nParticiparon de San Pedro: Cristian Monz\u00f3n \u2013 Adri\u00e1n E. Mendoza \u2013 Mariano Manzo \u2013 Ezequiel I. Pisani \u2013 Camilo Mondinali \u2013 Pablo R Peralta.<\/p>\n<p>PELOT\u00d3N \u201cC-2\u201d 58,800 Kms.   1h.26\u201920\u201d<br \/>\nCAMPE\u00d3N: Norberto Guti\u00e9rrez (C\u00f3rdoba)<br \/>\nSUB CAMPE\u00d3N: Luis Brizuela (C\u00f3rdoba)<br \/>\nTERCERO: Jorge Osvaldo Filardi (Capital Federal)<br \/>\nDe San Pedro: Jos\u00e9 P\u00e9rez.<\/p>\n<p>DOMINGO 30 ABRIL 2017<br \/>\nPELOT\u00d3N MASTER C-1      54,600 Kms. 1h.12\u201932\u201d<br \/>\nCAMPE\u00d3N: Carlos Enrique Romero (La Rioja)<br \/>\nSUB CAMPE\u00d3N: Fredy Lemos (Luj\u00e1n)<br \/>\nTERCERO: Sergio Roberto Rodr\u00edguez (Pergamino)<br \/>\nParticiparon de San Pedro: Javier Dom\u00ednguez y Carlos Alberto Lorido.<\/p>\n<p>PELOT\u00d3N MASTER B-2    58,800 Kms.    1h.17\u201918\u201d<br \/>\nCAMPE\u00d3N: Fabi\u00e1n Tapia (San Luis)<br \/>\nSUB CAMPE\u00d3N: Juan Manuel Young (Chascom\u00fas)<br \/>\nTERCERO: Omar Daniel Ull\u00faa (La Pampa)<br \/>\nParticiparon de San Pedro: Carlos A Giuliani &#8211; Jos\u00e9 Luis Pereyra &#8211; Jos\u00e9 E. Villarruel &#8211; Pablo Mallo.<\/p>\n<p>PELOT\u00d3N MASTER B-1     58,800 Kms.    1h.21\u201940\u201d<br \/>\nCAMPE\u00d3N: Carlos David Iba\u00f1ez (Catamarca)<br \/>\nSUB CAMPE\u00d3N: Adri\u00e1n Castelli (Arequito)<br \/>\nTERCERO: Ra\u00fal \u00c1ngel Calamera (Catamarca)<br \/>\nParticiparon de San Pedro: Juan Pablo Villarruel &#8211; Jos\u00e9 R Paz &#8211; Mario Garibaldi &#8211; Cristian Ponce -Juan Emilio Villarruel &#8211; Mario Sbert &#8211; Fernando Corval\u00e1n &#8211; Alejandro Tuero.<\/p>\n<p>PELOT\u00d3N MASTER \u00abA\u00bb     67,200 Kms.   1h.23\u201957\u201d<br \/>\nCAMPE\u00d3N: Roberto A Tallarico (Chascom\u00fas)<br \/>\nSUB CAMPE\u00d3N: Eduardo Tolosa (Saladillo)<br \/>\nTERCERO: Pablo Alejandro Aguilar (Rafael Calzada)<br \/>\nParticiparon de San Pedro: L\u00e1zaro Villarruel y Daniel Artiguez.<\/p>\n","protected":false},"excerpt":{"rendered":"<p>Culmin\u00f3 el Campeonato Argentino de Ciclismo en Ruta: Master, Promocional y Damas, Jun\u00edn 2017 realizado en el Aut\u00f3dromo \u00abEusebio Marsilla\u00bb. Circuito de 4.200 m organizado por la Asociaci\u00f3n Ciclista Juninense y fiscalizado por la Federaci\u00f3n Argentina Ciclismo Pista y Ruta. Comenz\u00f3 con el Congresillo T\u00e9cnico el Jueves 27 en la instalaciones de la Direcci\u00f3n de [&hellip;]<\/p>\n","protected":false},"author":4,"featured_media":10379,"comment_status":"open","ping_status":"closed","sticky":false,"template":"","format":"standard","meta":{"om_disable_all_campaigns":false,"_jetpack_memberships_contains_paid_content":false,"footnotes":""},"categories":[5],"tags":[],"class_list":["post-18208","post","type-post","status-publish","format-standard","has-post-thumbnail","hentry","category-deportes"],"aioseo_notices":[],"gutentor_comment":0,"jetpack_featured_media_url":"https:\/\/eldiariodesanpedro.com.ar\/sitio\/wp-content\/uploads\/2016\/11\/ciclismo.jpg","jetpack_shortlink":"https:\/\/wp.me\/p6RhLt-4JG","jetpack_sharing_enabled":true,"_links":{"self":[{"href":"https:\/\/eldiariodesanpedro.com.ar\/sitio\/wp-json\/wp\/v2\/posts\/18208","targetHints":{"allow":["GET"]}}],"collection":[{"href":"https:\/\/eldiariodesanpedro.com.ar\/sitio\/wp-json\/wp\/v2\/posts"}],"about":[{"href":"https:\/\/eldiariodesanpedro.com.ar\/sitio\/wp-json\/wp\/v2\/types\/post"}],"author":[{"embeddable":true,"href":"https:\/\/eldiariodesanpedro.com.ar\/sitio\/wp-json\/wp\/v2\/users\/4"}],"replies":[{"embeddable":true,"href":"https:\/\/eldiariodesanpedro.com.ar\/sitio\/wp-json\/wp\/v2\/comments?post=18208"}],"version-history":[{"count":1,"href":"https:\/\/eldiariodesanpedro.com.ar\/sitio\/wp-json\/wp\/v2\/posts\/18208\/revisions"}],"predecessor-version":[{"id":18209,"href":"https:\/\/eldiariodesanpedro.com.ar\/sitio\/wp-json\/wp\/v2\/posts\/18208\/revisions\/18209"}],"wp:featuredmedia":[{"embeddable":true,"href":"https:\/\/eldiariodesanpedro.com.ar\/sitio\/wp-json\/wp\/v2\/media\/10379"}],"wp:attachment":[{"href":"https:\/\/eldiariodesanpedro.com.ar\/sitio\/wp-json\/wp\/v2\/media?parent=18208"}],"wp:term":[{"taxonomy":"category","embeddable":true,"href":"https:\/\/eldiariodesanpedro.com.ar\/sitio\/wp-json\/wp\/v2\/categories?post=18208"},{"taxonomy":"post_tag","embeddable":true,"href":"https:\/\/eldiariodesanpedro.com.ar\/sitio\/wp-json\/wp\/v2\/tags?post=18208"}],"curies":[{"name":"wp","href":"https:\/\/api.w.org\/{rel}","templated":true}]}}