{"id":18205,"date":"2017-05-05T19:29:07","date_gmt":"2017-05-05T22:29:07","guid":{"rendered":"https:\/\/eldiariodesanpedro.com.ar\/sitio\/?p=18205"},"modified":"2017-05-05T19:29:07","modified_gmt":"2017-05-05T22:29:07","slug":"arrecifes-se-determinaron-las-causas-de-la-muerte-de-dunne","status":"publish","type":"post","link":"https:\/\/eldiariodesanpedro.com.ar\/sitio\/arrecifes-se-determinaron-las-causas-de-la-muerte-de-dunne\/","title":{"rendered":"ARRECIFES: Se determinaron las causas de la muerte de Dunne"},"content":{"rendered":"<p><!-- VideographyWP Plugin Message: Automatic video embedding prevented by plugin options. --><br \/>\nLa b\u00fasqueda durante diez d\u00edas de Miguel Dunne, el arrecife\u00f1o de 78 a\u00f1os que el 19 de abril hab\u00eda sido visto por \u00faltima vez, termin\u00f3 lamentablemente con el hallazgo de su cuerpo sin vida en la zona del denominado Puente de Hierro, a metros del r\u00edo Arrecifes y cercano al l\u00edmite donde se juntan los partidos de San Pedro, Baradero, Capit\u00e1n Sarmiento y Arrecifes.<\/p>\n<p>Unos cazadores divisaron a la v\u00edctima en la tarde del 29 de abril y dieron aviso a los Bomberos que se encontraban buscando a pocos metros del lugar.<\/p>\n<p>El secretario de Seguridad municipal, Dr. Jos\u00e9 Tenorio, confirm\u00f3 en Radio Uno (107.1) que los estudios m\u00e9dicos posteriores dictaminaron que Dunne falleci\u00f3 por \u201cmuerte natural\u201d, sin existir signo alguno de violencia en su cuerpo.<\/p>\n<p>Se presume que por el problema de demencia senil que sufr\u00eda el hombre, se habr\u00eda perdido. No se inform\u00f3 a\u00fan la fecha de deceso estimada por las pericias. (http:\/\/arrecifesnoticias.com\/)<\/p>\n","protected":false},"excerpt":{"rendered":"<p>La b\u00fasqueda durante diez d\u00edas de Miguel Dunne, el arrecife\u00f1o de 78 a\u00f1os que el 19 de abril hab\u00eda sido visto por \u00faltima vez, termin\u00f3 lamentablemente con el hallazgo de su cuerpo sin vida en la zona del denominado Puente de Hierro, a metros del r\u00edo Arrecifes y cercano al l\u00edmite donde se juntan los [&hellip;]<\/p>\n","protected":false},"author":4,"featured_media":18206,"comment_status":"open","ping_status":"closed","sticky":false,"template":"","format":"standard","meta":{"om_disable_all_campaigns":false,"_jetpack_memberships_contains_paid_content":false,"footnotes":""},"categories":[621],"tags":[],"class_list":["post-18205","post","type-post","status-publish","format-standard","has-post-thumbnail","hentry","category-regionales"],"aioseo_notices":[],"gutentor_comment":0,"jetpack_featured_media_url":"https:\/\/eldiariodesanpedro.com.ar\/sitio\/wp-content\/uploads\/2017\/05\/Bomberos-busqueda-Dunne.jpg","jetpack_shortlink":"https:\/\/wp.me\/p6RhLt-4JD","jetpack_sharing_enabled":true,"_links":{"self":[{"href":"https:\/\/eldiariodesanpedro.com.ar\/sitio\/wp-json\/wp\/v2\/posts\/18205","targetHints":{"allow":["GET"]}}],"collection":[{"href":"https:\/\/eldiariodesanpedro.com.ar\/sitio\/wp-json\/wp\/v2\/posts"}],"about":[{"href":"https:\/\/eldiariodesanpedro.com.ar\/sitio\/wp-json\/wp\/v2\/types\/post"}],"author":[{"embeddable":true,"href":"https:\/\/eldiariodesanpedro.com.ar\/sitio\/wp-json\/wp\/v2\/users\/4"}],"replies":[{"embeddable":true,"href":"https:\/\/eldiariodesanpedro.com.ar\/sitio\/wp-json\/wp\/v2\/comments?post=18205"}],"version-history":[{"count":1,"href":"https:\/\/eldiariodesanpedro.com.ar\/sitio\/wp-json\/wp\/v2\/posts\/18205\/revisions"}],"predecessor-version":[{"id":18207,"href":"https:\/\/eldiariodesanpedro.com.ar\/sitio\/wp-json\/wp\/v2\/posts\/18205\/revisions\/18207"}],"wp:featuredmedia":[{"embeddable":true,"href":"https:\/\/eldiariodesanpedro.com.ar\/sitio\/wp-json\/wp\/v2\/media\/18206"}],"wp:attachment":[{"href":"https:\/\/eldiariodesanpedro.com.ar\/sitio\/wp-json\/wp\/v2\/media?parent=18205"}],"wp:term":[{"taxonomy":"category","embeddable":true,"href":"https:\/\/eldiariodesanpedro.com.ar\/sitio\/wp-json\/wp\/v2\/categories?post=18205"},{"taxonomy":"post_tag","embeddable":true,"href":"https:\/\/eldiariodesanpedro.com.ar\/sitio\/wp-json\/wp\/v2\/tags?post=18205"}],"curies":[{"name":"wp","href":"https:\/\/api.w.org\/{rel}","templated":true}]}}